{"id":10934,"date":"2026-08-31T09:29:37","date_gmt":"2026-08-31T09:29:37","guid":{"rendered":"https:\/\/burkinaonline.net\/?p=10934"},"modified":"2026-08-31T09:29:37","modified_gmt":"2026-08-31T09:29:37","slug":"niger-algerie-larmee-de-lair-nigerienne-recoit-de-nouveaux-appareils","status":"publish","type":"post","link":"https:\/\/burkinaonline.net\/?p=10934","title":{"rendered":"Niger\u2013Alg\u00e9rie : l\u2019arm\u00e9e de l\u2019air nig\u00e9rienne re\u00e7oit de nouveaux appareils"},"content":{"rendered":"<p>L\u2019Alg\u00e9rie poursuit son soutien au Niger dans le domaine de la d\u00e9fense et de la s\u00e9curit\u00e9. L\u2019arm\u00e9e de l\u2019air nig\u00e9rienne a r\u00e9ceptionn\u00e9 de nouveaux appareils militaires dans le cadre de la coop\u00e9ration entre les deux pays fr\u00e8res.<\/p>\n<p>Cette nouvelle dotation comprend notamment des a\u00e9ronefs destin\u00e9s \u00e0 renforcer les capacit\u00e9s op\u00e9rationnelles des Forces arm\u00e9es nig\u00e9riennes (FAN). Elle s\u2019inscrit dans une dynamique de consolidation de la coop\u00e9ration militaire et s\u00e9curitaire entre Niamey et Alger.<\/p>\n<p><a href=\"http:\/\/burkinaonline.net\/wp-content\/uploads\/2026\/08\/1788168406036.jpg\"><img fetchpriority=\"high\" decoding=\"async\" class=\"aligncenter size-medium wp-image-10935\" src=\"http:\/\/burkinaonline.net\/wp-content\/uploads\/2026\/08\/1788168406036-300x169.jpg\" alt=\"\" width=\"300\" height=\"169\" srcset=\"https:\/\/burkinaonline.net\/wp-content\/uploads\/2026\/08\/1788168406036-300x169.jpg 300w, https:\/\/burkinaonline.net\/wp-content\/uploads\/2026\/08\/1788168406036-1024x576.jpg 1024w, https:\/\/burkinaonline.net\/wp-content\/uploads\/2026\/08\/1788168406036-768x432.jpg 768w, https:\/\/burkinaonline.net\/wp-content\/uploads\/2026\/08\/1788168406036.jpg 1080w\" sizes=\"(max-width: 300px) 100vw, 300px\" \/><\/a><\/p>\n<p>\u00c0 travers cette assistance, l\u2019Alg\u00e9rie r\u00e9affirme son engagement aux c\u00f4t\u00e9s du Niger face aux d\u00e9fis s\u00e9curitaires auxquels la r\u00e9gion est confront\u00e9e. Le renforcement des capacit\u00e9s a\u00e9riennes nig\u00e9riennes devrait notamment contribuer \u00e0 am\u00e9liorer la surveillance du territoire et les capacit\u00e9s d&rsquo;intervention des forces arm\u00e9es.<\/p>\n<p>Cette livraison intervient dans un contexte de rapprochement accru entre les deux pays, qui entendent approfondir leur partenariat strat\u00e9gique dans plusieurs domaines, particuli\u00e8rement ceux li\u00e9s \u00e0 la d\u00e9fense, \u00e0 la s\u00e9curit\u00e9 et \u00e0 la lutte contre les menaces transfrontali\u00e8res.<\/p>\n<p><a href=\"http:\/\/burkinaonline.net\/wp-content\/uploads\/2026\/08\/1788168403977.jpg\"><img decoding=\"async\" class=\"aligncenter size-medium wp-image-10936\" src=\"http:\/\/burkinaonline.net\/wp-content\/uploads\/2026\/08\/1788168403977-300x169.jpg\" alt=\"\" width=\"300\" height=\"169\" srcset=\"https:\/\/burkinaonline.net\/wp-content\/uploads\/2026\/08\/1788168403977-300x169.jpg 300w, https:\/\/burkinaonline.net\/wp-content\/uploads\/2026\/08\/1788168403977-1024x576.jpg 1024w, https:\/\/burkinaonline.net\/wp-content\/uploads\/2026\/08\/1788168403977-768x432.jpg 768w, https:\/\/burkinaonline.net\/wp-content\/uploads\/2026\/08\/1788168403977.jpg 1080w\" sizes=\"(max-width: 300px) 100vw, 300px\" \/><\/a><\/p>\n<p>Au-del\u00e0 de la dimension militaire, ce geste illustre la volont\u00e9 commune de Niamey et d\u2019Alger de consolider leurs relations bilat\u00e9rales et de promouvoir une coop\u00e9ration r\u00e9gionale fond\u00e9e sur la solidarit\u00e9 entre \u00c9tats voisins.<\/p>\n<p>Avec cette nouvelle dotation, l\u2019arm\u00e9e de l\u2019air nig\u00e9rienne franchit ainsi une \u00e9tape suppl\u00e9mentaire dans le renforcement de ses capacit\u00e9s, tandis que l\u2019Alg\u00e9rie confirme sa position de partenaire strat\u00e9gique du Niger dans le domaine s\u00e9curitaire.<\/p>\n<p>www.burkinaonline.net<\/p>\n","protected":false},"excerpt":{"rendered":"<p>L\u2019Alg\u00e9rie poursuit son soutien au Niger dans le domaine de la d\u00e9fense et de la&#8230;<\/p>\n","protected":false},"author":3,"featured_media":10937,"comment_status":"open","ping_status":"open","sticky":false,"template":"","format":"standard","meta":{"footnotes":""},"categories":[8,18],"tags":[227,176,34],"class_list":["post-10934","post","type-post","status-publish","format-standard","has-post-thumbnail","hentry","category-post","category-international","tag-algerie","tag-niger","tag-securite"],"_links":{"self":[{"href":"https:\/\/burkinaonline.net\/index.php?rest_route=\/wp\/v2\/posts\/10934","targetHints":{"allow":["GET"]}}],"collection":[{"href":"https:\/\/burkinaonline.net\/index.php?rest_route=\/wp\/v2\/posts"}],"about":[{"href":"https:\/\/burkinaonline.net\/index.php?rest_route=\/wp\/v2\/types\/post"}],"author":[{"embeddable":true,"href":"https:\/\/burkinaonline.net\/index.php?rest_route=\/wp\/v2\/users\/3"}],"replies":[{"embeddable":true,"href":"https:\/\/burkinaonline.net\/index.php?rest_route=%2Fwp%2Fv2%2Fcomments&post=10934"}],"version-history":[{"count":1,"href":"https:\/\/burkinaonline.net\/index.php?rest_route=\/wp\/v2\/posts\/10934\/revisions"}],"predecessor-version":[{"id":10938,"href":"https:\/\/burkinaonline.net\/index.php?rest_route=\/wp\/v2\/posts\/10934\/revisions\/10938"}],"wp:featuredmedia":[{"embeddable":true,"href":"https:\/\/burkinaonline.net\/index.php?rest_route=\/wp\/v2\/media\/10937"}],"wp:attachment":[{"href":"https:\/\/burkinaonline.net\/index.php?rest_route=%2Fwp%2Fv2%2Fmedia&parent=10934"}],"wp:term":[{"taxonomy":"category","embeddable":true,"href":"https:\/\/burkinaonline.net\/index.php?rest_route=%2Fwp%2Fv2%2Fcategories&post=10934"},{"taxonomy":"post_tag","embeddable":true,"href":"https:\/\/burkinaonline.net\/index.php?rest_route=%2Fwp%2Fv2%2Ftags&post=10934"}],"curies":[{"name":"wp","href":"https:\/\/api.w.org\/{rel}","templated":true}]}}