{"id":10939,"date":"2026-08-31T10:46:19","date_gmt":"2026-08-31T10:46:19","guid":{"rendered":"https:\/\/burkinaonline.net\/?p=10939"},"modified":"2026-08-31T10:46:19","modified_gmt":"2026-08-31T10:46:19","slug":"zimbabwe-27-fideles-tues-dans-une-collision-entre-un-minibus-et-un-camion","status":"publish","type":"post","link":"https:\/\/burkinaonline.net\/?p=10939","title":{"rendered":"Zimbabwe : 27 fid\u00e8les tu\u00e9s dans une collision entre un minibus et un camion"},"content":{"rendered":"<p>Au moins 27 personnes ont trouv\u00e9 la mort dans un grave accident de la circulation survenu vendredi soir pr\u00e8s de Chivhu, dans le centre du Zimbabwe. Un minibus transportant des fid\u00e8les vers une conf\u00e9rence religieuse est entr\u00e9 en collision frontale avec un camion de transport de marchandises.<\/p>\n<p>Selon la police zimbabw\u00e9enne, le drame s&rsquo;est produit sur l&rsquo;axe routier reliant Harare \u00e0 Masvingo, \u00e0 environ 132 kilom\u00e8tres au sud de la capitale. Le camion aurait tent\u00e9 de d\u00e9passer un autre v\u00e9hicule avant de se retrouver sur la trajectoire du minibus.<\/p>\n<p>&nbsp;<\/p>\n<p>Les passagers du minibus \u00e9taient des membres de l&rsquo;African Apostolic Church (Mwazha) et se rendaient \u00e0 une conf\u00e9rence religieuse \u00e0 Mvuma. La violence du choc a provoqu\u00e9 un incendie, r\u00e9duisant le minibus \u00e0 l&rsquo;\u00e9tat d&rsquo;\u00e9pave calcin\u00e9e.<\/p>\n<p>D&rsquo;apr\u00e8s les autorit\u00e9s, 23 personnes sont mortes sur les lieux de l&rsquo;accident, tandis que quatre autres ont succomb\u00e9 \u00e0 leurs blessures apr\u00e8s leur admission \u00e0 l&rsquo;h\u00f4pital. Sept personnes ont \u00e9galement \u00e9t\u00e9 bless\u00e9es, selon des informations rapport\u00e9es par plusieurs m\u00e9dias.<\/p>\n<p>Une enqu\u00eate a \u00e9t\u00e9 ouverte afin de d\u00e9terminer avec pr\u00e9cision les circonstances de cette collision meurtri\u00e8re.<\/p>\n<p>&nbsp;<\/p>\n<p>Source : informations rapport\u00e9es par les autorit\u00e9s polici\u00e8res zimbabw\u00e9ennes et l&rsquo;Associated Press.<\/p>\n<p>www.burkinaonline.net<\/p>\n","protected":false},"excerpt":{"rendered":"<p>Au moins 27 personnes ont trouv\u00e9 la mort dans un grave accident de la circulation&#8230;<\/p>\n","protected":false},"author":3,"featured_media":10940,"comment_status":"open","ping_status":"open","sticky":false,"template":"","format":"standard","meta":{"footnotes":""},"categories":[8,18],"tags":[402,401,193],"class_list":["post-10939","post","type-post","status-publish","format-standard","has-post-thumbnail","hentry","category-post","category-international","tag-accident","tag-accident-de-la-circulation","tag-zimbabwe"],"_links":{"self":[{"href":"https:\/\/burkinaonline.net\/index.php?rest_route=\/wp\/v2\/posts\/10939","targetHints":{"allow":["GET"]}}],"collection":[{"href":"https:\/\/burkinaonline.net\/index.php?rest_route=\/wp\/v2\/posts"}],"about":[{"href":"https:\/\/burkinaonline.net\/index.php?rest_route=\/wp\/v2\/types\/post"}],"author":[{"embeddable":true,"href":"https:\/\/burkinaonline.net\/index.php?rest_route=\/wp\/v2\/users\/3"}],"replies":[{"embeddable":true,"href":"https:\/\/burkinaonline.net\/index.php?rest_route=%2Fwp%2Fv2%2Fcomments&post=10939"}],"version-history":[{"count":1,"href":"https:\/\/burkinaonline.net\/index.php?rest_route=\/wp\/v2\/posts\/10939\/revisions"}],"predecessor-version":[{"id":10941,"href":"https:\/\/burkinaonline.net\/index.php?rest_route=\/wp\/v2\/posts\/10939\/revisions\/10941"}],"wp:featuredmedia":[{"embeddable":true,"href":"https:\/\/burkinaonline.net\/index.php?rest_route=\/wp\/v2\/media\/10940"}],"wp:attachment":[{"href":"https:\/\/burkinaonline.net\/index.php?rest_route=%2Fwp%2Fv2%2Fmedia&parent=10939"}],"wp:term":[{"taxonomy":"category","embeddable":true,"href":"https:\/\/burkinaonline.net\/index.php?rest_route=%2Fwp%2Fv2%2Fcategories&post=10939"},{"taxonomy":"post_tag","embeddable":true,"href":"https:\/\/burkinaonline.net\/index.php?rest_route=%2Fwp%2Fv2%2Ftags&post=10939"}],"curies":[{"name":"wp","href":"https:\/\/api.w.org\/{rel}","templated":true}]}}