{"id":10951,"date":"2026-09-01T09:47:53","date_gmt":"2026-09-01T09:47:53","guid":{"rendered":"https:\/\/burkinaonline.net\/?p=10951"},"modified":"2026-09-01T09:47:53","modified_gmt":"2026-09-01T09:47:53","slug":"djibasso-un-car-finit-dans-un-caniveau-apres-une-sortie-de-route-sur-la-rn14","status":"publish","type":"post","link":"https:\/\/burkinaonline.net\/?p=10951","title":{"rendered":"Djibasso : un car finit dans un caniveau apr\u00e8s une sortie de route sur la RN14"},"content":{"rendered":"<p>Un accident de la circulation impliquant un car de la compagnie Farafina Tour s\u2019est produit dans la soir\u00e9e du dimanche 30 ao\u00fbt 2026 \u00e0 l\u2019entr\u00e9e de la ville de Djibasso, dans la province du Koosin. Le bilan fait \u00e9tat de deux bless\u00e9s l\u00e9gers, sans perte en vie humaine.<\/p>\n<p>Le v\u00e9hicule, qui assurait la liaison entre D\u00e9dougou et Djibasso, a quitt\u00e9 la chauss\u00e9e avant de se retrouver dans un caniveau. L&rsquo;incident est survenu sur la descente de la colline de Ki\u00e9, \u00e0 une cinquantaine de m\u00e8tres du premier pont situ\u00e9 \u00e0 l\u2019entr\u00e9e de la ville, sur la Route nationale n\u00b014 (RN14).<\/p>\n<p>Selon des t\u00e9moignages recueillis sur les lieux, le conducteur aurait effectu\u00e9 une man\u0153uvre pour \u00e9viter des charrettes pr\u00e9sentes sur la voie. Une d\u00e9faillance du syst\u00e8me de freinage serait ensuite intervenue, entra\u00eenant une perte de contr\u00f4le du car.<\/p>\n<p>Le v\u00e9hicule effectuait le dernier voyage de la journ\u00e9e au d\u00e9part de D\u00e9dougou \u00e0 destination de Djibasso. Malgr\u00e9 les circonstances de l\u2019accident, tous les passagers ont eu la vie sauve. Deux personnes ont n\u00e9anmoins subi des blessures l\u00e9g\u00e8res.<\/p>\n<p>\u00ab Nous rendons gr\u00e2ce \u00e0 Dieu d\u2019avoir \u00e9pargn\u00e9 la vie des passagers. Au regard des circonstances, le bilan aurait pu \u00eatre beaucoup plus lourd \u00bb, a confi\u00e9 Abraham Demb\u00e9l\u00e9, bagagiste \u00e0 la gare de Farafina Tour de Djibasso.<\/p>\n<p>Source : AIB<\/p>\n<p>www.burkinaonline.net<\/p>\n","protected":false},"excerpt":{"rendered":"<p>Un accident de la circulation impliquant un car de la compagnie Farafina Tour s\u2019est produit&#8230;<\/p>\n","protected":false},"author":3,"featured_media":10952,"comment_status":"open","ping_status":"open","sticky":false,"template":"","format":"standard","meta":{"footnotes":""},"categories":[8,13],"tags":[402,401,32],"class_list":["post-10951","post","type-post","status-publish","format-standard","has-post-thumbnail","hentry","category-post","category-societe","tag-accident","tag-accident-de-la-circulation","tag-burkina-faso"],"_links":{"self":[{"href":"https:\/\/burkinaonline.net\/index.php?rest_route=\/wp\/v2\/posts\/10951","targetHints":{"allow":["GET"]}}],"collection":[{"href":"https:\/\/burkinaonline.net\/index.php?rest_route=\/wp\/v2\/posts"}],"about":[{"href":"https:\/\/burkinaonline.net\/index.php?rest_route=\/wp\/v2\/types\/post"}],"author":[{"embeddable":true,"href":"https:\/\/burkinaonline.net\/index.php?rest_route=\/wp\/v2\/users\/3"}],"replies":[{"embeddable":true,"href":"https:\/\/burkinaonline.net\/index.php?rest_route=%2Fwp%2Fv2%2Fcomments&post=10951"}],"version-history":[{"count":1,"href":"https:\/\/burkinaonline.net\/index.php?rest_route=\/wp\/v2\/posts\/10951\/revisions"}],"predecessor-version":[{"id":10953,"href":"https:\/\/burkinaonline.net\/index.php?rest_route=\/wp\/v2\/posts\/10951\/revisions\/10953"}],"wp:featuredmedia":[{"embeddable":true,"href":"https:\/\/burkinaonline.net\/index.php?rest_route=\/wp\/v2\/media\/10952"}],"wp:attachment":[{"href":"https:\/\/burkinaonline.net\/index.php?rest_route=%2Fwp%2Fv2%2Fmedia&parent=10951"}],"wp:term":[{"taxonomy":"category","embeddable":true,"href":"https:\/\/burkinaonline.net\/index.php?rest_route=%2Fwp%2Fv2%2Fcategories&post=10951"},{"taxonomy":"post_tag","embeddable":true,"href":"https:\/\/burkinaonline.net\/index.php?rest_route=%2Fwp%2Fv2%2Ftags&post=10951"}],"curies":[{"name":"wp","href":"https:\/\/api.w.org\/{rel}","templated":true}]}}