{"id":10959,"date":"2026-09-01T14:26:19","date_gmt":"2026-09-01T14:26:19","guid":{"rendered":"https:\/\/burkinaonline.net\/?p=10959"},"modified":"2026-09-01T14:26:19","modified_gmt":"2026-09-01T14:26:19","slug":"po-un-quadragenaire-porte-disparu-apres-une-noyade-dans-le-barrage-de-kapro","status":"publish","type":"post","link":"https:\/\/burkinaonline.net\/?p=10959","title":{"rendered":"P\u00f4 : un quadrag\u00e9naire port\u00e9 disparu apr\u00e8s une noyade dans le barrage de Kapro"},"content":{"rendered":"<p>Un homme est port\u00e9 disparu depuis lundi dans les eaux du barrage de Kapro, \u00e0 P\u00f4, dans la province du Nahouri. Malgr\u00e9 plusieurs heures de recherches men\u00e9es jusqu&rsquo;\u00e0 la tomb\u00e9e de la nuit, son corps n&rsquo;avait toujours pas \u00e9t\u00e9 retrouv\u00e9.<\/p>\n<p>Le drame est survenu dans l&rsquo;apr\u00e8s-midi du lundi 31 ao\u00fbt 2026, aux environs de 15 heures. La victime, un ma\u00e7on \u00e2g\u00e9 d&rsquo;une quarantaine d&rsquo;ann\u00e9es et identifi\u00e9 sous les initiales Issa B., s&rsquo;\u00e9tait rendue au barrage en compagnie d&rsquo;un autre homme pour une partie de p\u00eache.<\/p>\n<p>Selon des t\u00e9moignages recueillis sur place, apr\u00e8s leur activit\u00e9 de p\u00eache, Issa B. serait entr\u00e9 dans l&rsquo;eau pour se laver avant de se retrouver en difficult\u00e9. Son compagnon aurait tent\u00e9 \u00e0 plusieurs reprises de lui venir en aide et de le ramener \u00e0 la surface, mais sans succ\u00e8s. Face \u00e0 l&rsquo;impossibilit\u00e9 de le secourir, il aurait alors alert\u00e9 les populations environnantes.<\/p>\n<p>Inform\u00e9es de la situation, de nombreuses personnes se sont rapidement mobilis\u00e9es sur les lieux. Les autorit\u00e9s administratives, communales et judiciaires ont \u00e9galement effectu\u00e9 le d\u00e9placement. Parmi elles figuraient le Haut-commissaire de la province du Nahouri, Sie Aristide Mohamed Kam, le pr\u00e9sident de la d\u00e9l\u00e9gation sp\u00e9ciale de la commune de P\u00f4, Ilassa Dianda, ainsi que le Procureur du Faso pr\u00e8s le Tribunal de grande instance de P\u00f4.<\/p>\n<p>Les recherches engag\u00e9es dans l&rsquo;apr\u00e8s-midi n&rsquo;ont malheureusement pas permis de retrouver la victime avant la nuit. Les op\u00e9rations ont donc \u00e9t\u00e9 suspendues et un appel a \u00e9t\u00e9 lanc\u00e9 aux sapeurs-pompiers de Manga afin de renforcer le dispositif de recherche.<\/p>\n<p>Arriv\u00e9s sur les lieux dans la matin\u00e9e de ce mardi 1er septembre 2026, les hommes du feu devraient prendre part aux op\u00e9rations de recherche, avec l&rsquo;appui de nageurs locaux. Selon les informations recueillies, ils attendaient encore certaines dispositions et l&rsquo;accord des autorit\u00e9s coutumi\u00e8res avant d&rsquo;entamer leur intervention dans les eaux du barrage.<\/p>\n<p>\u00c0 l&rsquo;heure o\u00f9 nous mettons sous presse, l&rsquo;homme reste toujours introuvable. Les recherches devraient se poursuivre avec l&rsquo;espoir que l&rsquo;intervention des sapeurs-pompiers permettra de retrouver la victime.<\/p>\n<p>&nbsp;<\/p>\n<p>Source : NahouriNews<\/p>\n<p>www.burkinaonline.net<\/p>\n","protected":false},"excerpt":{"rendered":"<p>Un homme est port\u00e9 disparu depuis lundi dans les eaux du barrage de Kapro, \u00e0&#8230;<\/p>\n","protected":false},"author":3,"featured_media":10960,"comment_status":"open","ping_status":"open","sticky":false,"template":"","format":"standard","meta":{"footnotes":""},"categories":[8,13],"tags":[32,408,400],"class_list":["post-10959","post","type-post","status-publish","format-standard","has-post-thumbnail","hentry","category-post","category-societe","tag-burkina-faso","tag-nahouri","tag-noyade"],"_links":{"self":[{"href":"https:\/\/burkinaonline.net\/index.php?rest_route=\/wp\/v2\/posts\/10959","targetHints":{"allow":["GET"]}}],"collection":[{"href":"https:\/\/burkinaonline.net\/index.php?rest_route=\/wp\/v2\/posts"}],"about":[{"href":"https:\/\/burkinaonline.net\/index.php?rest_route=\/wp\/v2\/types\/post"}],"author":[{"embeddable":true,"href":"https:\/\/burkinaonline.net\/index.php?rest_route=\/wp\/v2\/users\/3"}],"replies":[{"embeddable":true,"href":"https:\/\/burkinaonline.net\/index.php?rest_route=%2Fwp%2Fv2%2Fcomments&post=10959"}],"version-history":[{"count":1,"href":"https:\/\/burkinaonline.net\/index.php?rest_route=\/wp\/v2\/posts\/10959\/revisions"}],"predecessor-version":[{"id":10961,"href":"https:\/\/burkinaonline.net\/index.php?rest_route=\/wp\/v2\/posts\/10959\/revisions\/10961"}],"wp:featuredmedia":[{"embeddable":true,"href":"https:\/\/burkinaonline.net\/index.php?rest_route=\/wp\/v2\/media\/10960"}],"wp:attachment":[{"href":"https:\/\/burkinaonline.net\/index.php?rest_route=%2Fwp%2Fv2%2Fmedia&parent=10959"}],"wp:term":[{"taxonomy":"category","embeddable":true,"href":"https:\/\/burkinaonline.net\/index.php?rest_route=%2Fwp%2Fv2%2Fcategories&post=10959"},{"taxonomy":"post_tag","embeddable":true,"href":"https:\/\/burkinaonline.net\/index.php?rest_route=%2Fwp%2Fv2%2Ftags&post=10959"}],"curies":[{"name":"wp","href":"https:\/\/api.w.org\/{rel}","templated":true}]}}