{"id":10965,"date":"2026-09-01T15:55:05","date_gmt":"2026-09-01T15:55:05","guid":{"rendered":"https:\/\/burkinaonline.net\/?p=10965"},"modified":"2026-09-01T15:55:05","modified_gmt":"2026-09-01T15:55:05","slug":"burkina-faso-une-etudiante-vendeuse-de-mais-grille-encouragee-par-le-premier-ministre","status":"publish","type":"post","link":"https:\/\/burkinaonline.net\/?p=10965","title":{"rendered":"Burkina Faso : une \u00e9tudiante vendeuse de ma\u00efs grill\u00e9 encourag\u00e9e par le Premier ministre"},"content":{"rendered":"<p>Le parcours de B\u00e9n\u00e9wend\u00e9, \u00e9tudiante en troisi\u00e8me ann\u00e9e de Sciences de la vie et de la Terre (SVT), a retenu l\u2019attention du Premier ministre burkinab\u00e8, Rimtalba Jean Emmanuel Ou\u00e9draogo. La jeune femme, qui vend du ma\u00efs grill\u00e9 pour subvenir \u00e0 ses besoins tout en poursuivant ses \u00e9tudes, a re\u00e7u ce mardi 1er septembre 2026 une moto destin\u00e9e \u00e0 faciliter ses d\u00e9placements.<\/p>\n<p><a href=\"http:\/\/burkinaonline.net\/wp-content\/uploads\/2026\/09\/1788277884636.jpg\"><img fetchpriority=\"high\" decoding=\"async\" class=\"aligncenter size-medium wp-image-10966\" src=\"http:\/\/burkinaonline.net\/wp-content\/uploads\/2026\/09\/1788277884636-300x206.jpg\" alt=\"\" width=\"300\" height=\"206\" srcset=\"https:\/\/burkinaonline.net\/wp-content\/uploads\/2026\/09\/1788277884636-300x206.jpg 300w, https:\/\/burkinaonline.net\/wp-content\/uploads\/2026\/09\/1788277884636-1024x704.jpg 1024w, https:\/\/burkinaonline.net\/wp-content\/uploads\/2026\/09\/1788277884636-768x528.jpg 768w, https:\/\/burkinaonline.net\/wp-content\/uploads\/2026\/09\/1788277884636.jpg 1080w\" sizes=\"(max-width: 300px) 100vw, 300px\" \/><\/a><\/p>\n<p>Le geste fait suite \u00e0 une rencontre fortuite entre le Chef du gouvernement et l\u2019\u00e9tudiante, aper\u00e7ue derri\u00e8re son fourneau au bord de la route. Au-del\u00e0 de son activit\u00e9 g\u00e9n\u00e9ratrice de revenus, son parcours a \u00e9t\u00e9 per\u00e7u comme un exemple de pers\u00e9v\u00e9rance et de dignit\u00e9.<\/p>\n<p>Selon le Premier ministre, ce don ne constitue pas une r\u00e9compense, mais un encouragement \u00e0 poursuivre ses efforts. \u00c9tudiante en SVT, B\u00e9n\u00e9wend\u00e9 ambitionne de se sp\u00e9cialiser en g\u00e9ologie.<\/p>\n<p><a href=\"http:\/\/burkinaonline.net\/wp-content\/uploads\/2026\/09\/1788277879259.jpg\"><img decoding=\"async\" class=\"aligncenter size-medium wp-image-10967\" src=\"http:\/\/burkinaonline.net\/wp-content\/uploads\/2026\/09\/1788277879259-264x300.jpg\" alt=\"\" width=\"264\" height=\"300\" srcset=\"https:\/\/burkinaonline.net\/wp-content\/uploads\/2026\/09\/1788277879259-264x300.jpg 264w, https:\/\/burkinaonline.net\/wp-content\/uploads\/2026\/09\/1788277879259-901x1024.jpg 901w, https:\/\/burkinaonline.net\/wp-content\/uploads\/2026\/09\/1788277879259-768x873.jpg 768w, https:\/\/burkinaonline.net\/wp-content\/uploads\/2026\/09\/1788277879259.jpg 950w\" sizes=\"(max-width: 264px) 100vw, 264px\" \/><\/a><\/p>\n<p>\u00c0 travers son histoire, c\u2019est la situation de nombreux jeunes Burkinab\u00e8 conciliant \u00e9tudes et activit\u00e9s \u00e9conomiques pour financer leur quotidien qui est mise en lumi\u00e8re. Un rappel que, pour certains, la poursuite d&rsquo;un parcours universitaire passe aussi par le travail et l&rsquo;entrepreneuriat, souvent avec des moyens limit\u00e9s.<\/p>\n<p>&nbsp;<\/p>\n<p>Source : DRCP\/Primature<\/p>\n<p>www.burkinaonline.net<\/p>\n","protected":false},"excerpt":{"rendered":"<p>Le parcours de B\u00e9n\u00e9wend\u00e9, \u00e9tudiante en troisi\u00e8me ann\u00e9e de Sciences de la vie et de&#8230;<\/p>\n","protected":false},"author":3,"featured_media":10968,"comment_status":"open","ping_status":"open","sticky":false,"template":"","format":"standard","meta":{"footnotes":""},"categories":[8,10],"tags":[32,410,409],"class_list":["post-10965","post","type-post","status-publish","format-standard","has-post-thumbnail","hentry","category-post","category-burkina-faso","tag-burkina-faso","tag-chef-du-gouvernement","tag-jean-emmanuel-ouedraogo"],"_links":{"self":[{"href":"https:\/\/burkinaonline.net\/index.php?rest_route=\/wp\/v2\/posts\/10965","targetHints":{"allow":["GET"]}}],"collection":[{"href":"https:\/\/burkinaonline.net\/index.php?rest_route=\/wp\/v2\/posts"}],"about":[{"href":"https:\/\/burkinaonline.net\/index.php?rest_route=\/wp\/v2\/types\/post"}],"author":[{"embeddable":true,"href":"https:\/\/burkinaonline.net\/index.php?rest_route=\/wp\/v2\/users\/3"}],"replies":[{"embeddable":true,"href":"https:\/\/burkinaonline.net\/index.php?rest_route=%2Fwp%2Fv2%2Fcomments&post=10965"}],"version-history":[{"count":1,"href":"https:\/\/burkinaonline.net\/index.php?rest_route=\/wp\/v2\/posts\/10965\/revisions"}],"predecessor-version":[{"id":10969,"href":"https:\/\/burkinaonline.net\/index.php?rest_route=\/wp\/v2\/posts\/10965\/revisions\/10969"}],"wp:featuredmedia":[{"embeddable":true,"href":"https:\/\/burkinaonline.net\/index.php?rest_route=\/wp\/v2\/media\/10968"}],"wp:attachment":[{"href":"https:\/\/burkinaonline.net\/index.php?rest_route=%2Fwp%2Fv2%2Fmedia&parent=10965"}],"wp:term":[{"taxonomy":"category","embeddable":true,"href":"https:\/\/burkinaonline.net\/index.php?rest_route=%2Fwp%2Fv2%2Fcategories&post=10965"},{"taxonomy":"post_tag","embeddable":true,"href":"https:\/\/burkinaonline.net\/index.php?rest_route=%2Fwp%2Fv2%2Ftags&post=10965"}],"curies":[{"name":"wp","href":"https:\/\/api.w.org\/{rel}","templated":true}]}}