{"id":10986,"date":"2026-09-03T09:28:40","date_gmt":"2026-09-03T09:28:40","guid":{"rendered":"https:\/\/burkinaonline.net\/?p=10986"},"modified":"2026-09-03T09:28:40","modified_gmt":"2026-09-03T09:28:40","slug":"burkina-faso-bouclier-double-tete-bientot-le-casque-obligatoire-aussi-pour-les-passagers","status":"publish","type":"post","link":"https:\/\/burkinaonline.net\/?p=10986","title":{"rendered":"Burkina Faso : \u00ab Bouclier double t\u00eate \u00bb, bient\u00f4t le casque obligatoire aussi pour les passagers"},"content":{"rendered":"<p>Apr\u00e8s avoir impos\u00e9 progressivement le port du casque aux conducteurs d&rsquo;engins \u00e0 deux roues, les autorit\u00e9s burkinab\u00e8 envisagent d\u00e9sormais de renforcer la protection des passagers. \u00c0 travers une op\u00e9ration annonc\u00e9e sous le nom de \u00ab Bouclier double t\u00eate \u00bb, la Police nationale entend \u00e9tendre davantage la lutte contre le non-port du casque. L&rsquo;annonce a \u00e9t\u00e9 faite le mercredi 2 septembre 2026 \u00e0 Ouagadougou par le directeur g\u00e9n\u00e9ral de la Police nationale, Thierry Dofizouho Tuina, \u00e0 l&rsquo;occasion du lancement de la Brigade de recherche et d&rsquo;investigation contre l&rsquo;incivisme routier (BRICIR).<\/p>\n<p>Selon le premier responsable de la Police nationale, la nouvelle dynamique de lutte contre l&rsquo;incivisme routier ne devrait pas uniquement concerner les conducteurs de motocyclettes. \u00ab Nous allons, \u00e0 un moment donn\u00e9, passer \u00e0 l&rsquo;op\u00e9ration \u201cBouclier double t\u00eate\u201d pour prendre aussi en compte les passagers embarqu\u00e9s sans casque \u00bb, a-t-il annonc\u00e9.<\/p>\n<p><a href=\"http:\/\/burkinaonline.net\/wp-content\/uploads\/2026\/09\/1788427488762.jpg\"><img fetchpriority=\"high\" decoding=\"async\" class=\"aligncenter size-medium wp-image-10987\" src=\"http:\/\/burkinaonline.net\/wp-content\/uploads\/2026\/09\/1788427488762-300x225.jpg\" alt=\"\" width=\"300\" height=\"225\" srcset=\"https:\/\/burkinaonline.net\/wp-content\/uploads\/2026\/09\/1788427488762-300x225.jpg 300w, https:\/\/burkinaonline.net\/wp-content\/uploads\/2026\/09\/1788427488762-1024x768.jpg 1024w, https:\/\/burkinaonline.net\/wp-content\/uploads\/2026\/09\/1788427488762-768x576.jpg 768w, https:\/\/burkinaonline.net\/wp-content\/uploads\/2026\/09\/1788427488762.jpg 1080w\" sizes=\"(max-width: 300px) 100vw, 300px\" \/><\/a><\/p>\n<p>\u00c0 travers cette future op\u00e9ration, l&rsquo;objectif affich\u00e9 est clair : faire du casque un \u00e9quipement de protection pour toutes les personnes \u00e0 bord d&rsquo;un engin \u00e0 deux roues, et non plus seulement pour le conducteur.<\/p>\n<p>Dans un contexte o\u00f9 les motocyclettes constituent l&rsquo;un des principaux moyens de d\u00e9placement au Burkina Faso, la question de la s\u00e9curit\u00e9 des passagers appara\u00eet comme un enjeu majeur. Si le conducteur est de plus en plus sensibilis\u00e9, voire contraint, au port du casque, il n&rsquo;est pas rare de voir des passagers circuler sans aucune protection.<\/p>\n<p>L&rsquo;op\u00e9ration \u00ab Bouclier double t\u00eate \u00bb semble ainsi traduire une volont\u00e9 des autorit\u00e9s de renforcer la pr\u00e9vention des traumatismes li\u00e9s aux accidents de la circulation.<\/p>\n<h2 style=\"text-align: center;\">De la sensibilisation au contr\u00f4le renforc\u00e9<\/h2>\n<p>L&rsquo;annonce intervient surtout dans un contexte de durcissement de la lutte contre l&rsquo;incivisme routier. Avec la mise en place de la BRICIR, la Police nationale affiche son ambition de mieux surveiller et r\u00e9primer les comportements dangereux sur les routes.<\/p>\n<p>L&rsquo;op\u00e9ration \u00ab Bouclier double t\u00eate \u00bb pourrait donc constituer une nouvelle \u00e9tape dans cette strat\u00e9gie. Elle devrait particuli\u00e8rement interpeller les conducteurs d&rsquo;engins \u00e0 deux roues qui transportent r\u00e9guli\u00e8rement des passagers.<\/p>\n<p>En attendant son d\u00e9ploiement, l&rsquo;annonce pourrait d\u00e9j\u00e0 \u00eatre per\u00e7ue comme un appel \u00e0 l&rsquo;anticipation. Pour les usagers des deux-roues, disposer d&rsquo;un second casque pourrait bient\u00f4t devenir une n\u00e9cessit\u00e9, notamment pour ceux qui transportent fr\u00e9quemment un proche, un enfant ou un client.<\/p>\n<p>Au-del\u00e0 du contr\u00f4le policier, l&rsquo;enjeu reste avant tout sanitaire et s\u00e9curitaire. En cas d&rsquo;accident, le passager, tout comme le conducteur, est directement expos\u00e9 aux risques de traumatismes graves \u00e0 la t\u00eate.<\/p>\n<p>Avec \u00ab Bouclier double t\u00eate \u00bb, les autorit\u00e9s burkinab\u00e8 semblent ainsi vouloir faire \u00e9voluer les habitudes : sur une moto, la s\u00e9curit\u00e9 ne devrait plus prot\u00e9ger une seule t\u00eate, mais les deux.<\/p>\n<p>&nbsp;<\/p>\n<p>Fabrice Sandwidi<\/p>\n<p>www.burkinaonline.net<\/p>\n","protected":false},"excerpt":{"rendered":"<p>Apr\u00e8s avoir impos\u00e9 progressivement le port du casque aux conducteurs d&rsquo;engins \u00e0 deux roues, les&#8230;<\/p>\n","protected":false},"author":3,"featured_media":10988,"comment_status":"open","ping_status":"open","sticky":false,"template":"","format":"standard","meta":{"footnotes":""},"categories":[8,10],"tags":[172,415,105],"class_list":["post-10986","post","type-post","status-publish","format-standard","has-post-thumbnail","hentry","category-post","category-burkina-faso","tag-police-nationale","tag-port-du-casque","tag-securite-routiere"],"_links":{"self":[{"href":"https:\/\/burkinaonline.net\/index.php?rest_route=\/wp\/v2\/posts\/10986","targetHints":{"allow":["GET"]}}],"collection":[{"href":"https:\/\/burkinaonline.net\/index.php?rest_route=\/wp\/v2\/posts"}],"about":[{"href":"https:\/\/burkinaonline.net\/index.php?rest_route=\/wp\/v2\/types\/post"}],"author":[{"embeddable":true,"href":"https:\/\/burkinaonline.net\/index.php?rest_route=\/wp\/v2\/users\/3"}],"replies":[{"embeddable":true,"href":"https:\/\/burkinaonline.net\/index.php?rest_route=%2Fwp%2Fv2%2Fcomments&post=10986"}],"version-history":[{"count":1,"href":"https:\/\/burkinaonline.net\/index.php?rest_route=\/wp\/v2\/posts\/10986\/revisions"}],"predecessor-version":[{"id":10989,"href":"https:\/\/burkinaonline.net\/index.php?rest_route=\/wp\/v2\/posts\/10986\/revisions\/10989"}],"wp:featuredmedia":[{"embeddable":true,"href":"https:\/\/burkinaonline.net\/index.php?rest_route=\/wp\/v2\/media\/10988"}],"wp:attachment":[{"href":"https:\/\/burkinaonline.net\/index.php?rest_route=%2Fwp%2Fv2%2Fmedia&parent=10986"}],"wp:term":[{"taxonomy":"category","embeddable":true,"href":"https:\/\/burkinaonline.net\/index.php?rest_route=%2Fwp%2Fv2%2Fcategories&post=10986"},{"taxonomy":"post_tag","embeddable":true,"href":"https:\/\/burkinaonline.net\/index.php?rest_route=%2Fwp%2Fv2%2Ftags&post=10986"}],"curies":[{"name":"wp","href":"https:\/\/api.w.org\/{rel}","templated":true}]}}