{"id":10993,"date":"2026-09-03T14:49:18","date_gmt":"2026-09-03T14:49:18","guid":{"rendered":"https:\/\/burkinaonline.net\/?p=10993"},"modified":"2026-09-03T14:49:18","modified_gmt":"2026-09-03T14:49:18","slug":"cooperation-bilaterale-ouagadougou-et-ankara-veulent-donner-un-nouvel-elan-a-leur-cooperation","status":"publish","type":"post","link":"https:\/\/burkinaonline.net\/?p=10993","title":{"rendered":"Coop\u00e9ration bilat\u00e9rale : Ouagadougou et Ankara veulent donner un nouvel \u00e9lan \u00e0 leur coop\u00e9ration"},"content":{"rendered":"<p>Le Burkina Faso et la T\u00fcrkiye affichent leur volont\u00e9 de renforcer davantage leurs relations bilat\u00e9rales. Cette ambition a \u00e9t\u00e9 r\u00e9affirm\u00e9e mercredi \u00e0 Ouagadougou lors d&rsquo;une rencontre entre la ministre d\u00e9l\u00e9gu\u00e9e aupr\u00e8s du ministre des Affaires \u00e9trang\u00e8res, B\u00eabgnasgnan Stella Eldine Kabr\u00e9 Kabor\u00e9, et l&rsquo;ambassadrice de la R\u00e9publique de T\u00fcrkiye au Burkina Faso, Feriba Duygu Hokkac\u0131 Esirgen.<\/p>\n<p>Les \u00e9changes entre les deux personnalit\u00e9s ont permis de faire le point sur la coop\u00e9ration entre Ouagadougou et Ankara et d&rsquo;explorer les pistes susceptibles de lui insuffler une nouvelle dynamique. Les deux parties ont notamment insist\u00e9 sur la n\u00e9cessit\u00e9 de consolider les acquis et d&rsquo;\u00e9largir les domaines de collaboration d&rsquo;int\u00e9r\u00eat commun.<\/p>\n<p><a href=\"http:\/\/burkinaonline.net\/wp-content\/uploads\/2026\/09\/1788446479335.jpg\"><img fetchpriority=\"high\" decoding=\"async\" class=\"aligncenter size-medium wp-image-10994\" src=\"http:\/\/burkinaonline.net\/wp-content\/uploads\/2026\/09\/1788446479335-300x169.jpg\" alt=\"\" width=\"300\" height=\"169\" srcset=\"https:\/\/burkinaonline.net\/wp-content\/uploads\/2026\/09\/1788446479335-300x169.jpg 300w, https:\/\/burkinaonline.net\/wp-content\/uploads\/2026\/09\/1788446479335-1024x578.jpg 1024w, https:\/\/burkinaonline.net\/wp-content\/uploads\/2026\/09\/1788446479335-768x434.jpg 768w, https:\/\/burkinaonline.net\/wp-content\/uploads\/2026\/09\/1788446479335.jpg 1080w\" sizes=\"(max-width: 300px) 100vw, 300px\" \/><\/a><\/p>\n<p>Au-del\u00e0 des relations bilat\u00e9rales, la rencontre a \u00e9galement abord\u00e9 la coordination entre les deux pays sur la sc\u00e8ne internationale. Le Burkina Faso et la T\u00fcrkiye entendent ainsi poursuivre leur soutien r\u00e9ciproque au sein des organisations et instances internationales sur des sujets o\u00f9 leurs positions convergent.<\/p>\n<p>La prochaine \u00e9tape de ce rapprochement pourrait \u00eatre la tenue de consultations politiques entre les deux \u00c9tats. Ces concertations devraient offrir un cadre pour approfondir le dialogue, identifier de nouvelles opportunit\u00e9s de partenariat et am\u00e9liorer la coordination des actions communes.<\/p>\n<p>Pour la ministre d\u00e9l\u00e9gu\u00e9e, le renforcement des relations entre les deux pays devra surtout se traduire par des r\u00e9sultats tangibles. Elle a plaid\u00e9 pour un accompagnement mutuel plus soutenu afin que les engagements pris de part et d&rsquo;autre produisent des b\u00e9n\u00e9fices concrets pour les populations burkinab\u00e8 et turque.<\/p>\n<p>Cette rencontre diplomatique s&rsquo;inscrit ainsi dans une dynamique de consolidation des liens entre Ouagadougou et Ankara, qui entendent faire de leur coop\u00e9ration un partenariat davantage orient\u00e9 vers des actions concr\u00e8tes et des int\u00e9r\u00eats partag\u00e9s.<\/p>\n<p>www.burkinaonline.net<\/p>\n","protected":false},"excerpt":{"rendered":"<p>Le Burkina Faso et la T\u00fcrkiye affichent leur volont\u00e9 de renforcer davantage leurs relations bilat\u00e9rales&#8230;.<\/p>\n","protected":false},"author":3,"featured_media":10995,"comment_status":"open","ping_status":"open","sticky":false,"template":"","format":"standard","meta":{"footnotes":""},"categories":[8,11],"tags":[416,310,118],"class_list":["post-10993","post","type-post","status-publish","format-standard","has-post-thumbnail","hentry","category-post","category-politique","tag-ankara","tag-cooperation-bilaterale","tag-ouagadougou"],"_links":{"self":[{"href":"https:\/\/burkinaonline.net\/index.php?rest_route=\/wp\/v2\/posts\/10993","targetHints":{"allow":["GET"]}}],"collection":[{"href":"https:\/\/burkinaonline.net\/index.php?rest_route=\/wp\/v2\/posts"}],"about":[{"href":"https:\/\/burkinaonline.net\/index.php?rest_route=\/wp\/v2\/types\/post"}],"author":[{"embeddable":true,"href":"https:\/\/burkinaonline.net\/index.php?rest_route=\/wp\/v2\/users\/3"}],"replies":[{"embeddable":true,"href":"https:\/\/burkinaonline.net\/index.php?rest_route=%2Fwp%2Fv2%2Fcomments&post=10993"}],"version-history":[{"count":1,"href":"https:\/\/burkinaonline.net\/index.php?rest_route=\/wp\/v2\/posts\/10993\/revisions"}],"predecessor-version":[{"id":10996,"href":"https:\/\/burkinaonline.net\/index.php?rest_route=\/wp\/v2\/posts\/10993\/revisions\/10996"}],"wp:featuredmedia":[{"embeddable":true,"href":"https:\/\/burkinaonline.net\/index.php?rest_route=\/wp\/v2\/media\/10995"}],"wp:attachment":[{"href":"https:\/\/burkinaonline.net\/index.php?rest_route=%2Fwp%2Fv2%2Fmedia&parent=10993"}],"wp:term":[{"taxonomy":"category","embeddable":true,"href":"https:\/\/burkinaonline.net\/index.php?rest_route=%2Fwp%2Fv2%2Fcategories&post=10993"},{"taxonomy":"post_tag","embeddable":true,"href":"https:\/\/burkinaonline.net\/index.php?rest_route=%2Fwp%2Fv2%2Ftags&post=10993"}],"curies":[{"name":"wp","href":"https:\/\/api.w.org\/{rel}","templated":true}]}}