{"id":6921,"date":"2023-12-15T12:40:54","date_gmt":"2023-12-15T12:40:54","guid":{"rendered":"https:\/\/burkinaonline.net\/?p=6921"},"modified":"2023-12-15T12:48:12","modified_gmt":"2023-12-15T12:48:12","slug":"ouagadougou-un-vehicule-prend-feu-en-pleine-circulation-sur-lavenue-bassawarga","status":"publish","type":"post","link":"https:\/\/burkinaonline.net\/?p=6921","title":{"rendered":"Ouagadougou : Un v\u00e9hicule prend feu en pleine circulation sur l\u2019avenue Bassawarga"},"content":{"rendered":"<p><strong><a href=\"http:\/\/burkinaonline.net\/wp-content\/uploads\/2023\/12\/incendie-vehicule-696x385-1.jpg\"><img decoding=\"async\" class=\"size-medium wp-image-6922 alignleft\" src=\"http:\/\/burkinaonline.net\/wp-content\/uploads\/2023\/12\/incendie-vehicule-696x385-1-300x166.jpg\" alt=\"\" width=\"300\" height=\"166\" srcset=\"https:\/\/burkinaonline.net\/wp-content\/uploads\/2023\/12\/incendie-vehicule-696x385-1-300x166.jpg 300w, https:\/\/burkinaonline.net\/wp-content\/uploads\/2023\/12\/incendie-vehicule-696x385-1.jpg 696w\" sizes=\"(max-width: 300px) 100vw, 300px\" \/><\/a>Un v\u00e9hicule a pris feu t\u00f4t dans la matin\u00e9e de ce jeudi 14 d\u00e9cembre 2023, sur l\u2019avenue Bassawarga, en face du march\u00e9 de la cit\u00e9 An 2.<\/strong><\/p>\n<p>Selon les premiers t\u00e9moins sur place, le feu s\u2019est d\u00e9clar\u00e9 alors que la conductrice \u00e9tait en pleine circulation. Heureusement, elle a pu stopper la voiture et sortir saine et sauve.<\/p>\n<p>Mais le v\u00e9hicule est totalement parti en fum\u00e9e. Les causes de l\u2019incendie ne sont pas encore connues.<\/p>\n<p>Au moment o\u00f9 nous tra\u00e7ions ces lignes, les soldats du feu, appel\u00e9s au secours, venaient d\u2019arriver sur les lieux.<\/p>\n<p><strong>Minute.bf<\/strong><\/p>\n","protected":false},"excerpt":{"rendered":"<p>Un v\u00e9hicule a pris feu t\u00f4t dans la matin\u00e9e de ce jeudi 14 d\u00e9cembre 2023,&#8230;<\/p>\n","protected":false},"author":1,"featured_media":6922,"comment_status":"open","ping_status":"open","sticky":false,"template":"","format":"standard","meta":{"footnotes":""},"categories":[10,13],"tags":[],"class_list":["post-6921","post","type-post","status-publish","format-standard","has-post-thumbnail","hentry","category-burkina-faso","category-societe"],"_links":{"self":[{"href":"https:\/\/burkinaonline.net\/index.php?rest_route=\/wp\/v2\/posts\/6921","targetHints":{"allow":["GET"]}}],"collection":[{"href":"https:\/\/burkinaonline.net\/index.php?rest_route=\/wp\/v2\/posts"}],"about":[{"href":"https:\/\/burkinaonline.net\/index.php?rest_route=\/wp\/v2\/types\/post"}],"author":[{"embeddable":true,"href":"https:\/\/burkinaonline.net\/index.php?rest_route=\/wp\/v2\/users\/1"}],"replies":[{"embeddable":true,"href":"https:\/\/burkinaonline.net\/index.php?rest_route=%2Fwp%2Fv2%2Fcomments&post=6921"}],"version-history":[{"count":1,"href":"https:\/\/burkinaonline.net\/index.php?rest_route=\/wp\/v2\/posts\/6921\/revisions"}],"predecessor-version":[{"id":6923,"href":"https:\/\/burkinaonline.net\/index.php?rest_route=\/wp\/v2\/posts\/6921\/revisions\/6923"}],"wp:featuredmedia":[{"embeddable":true,"href":"https:\/\/burkinaonline.net\/index.php?rest_route=\/wp\/v2\/media\/6922"}],"wp:attachment":[{"href":"https:\/\/burkinaonline.net\/index.php?rest_route=%2Fwp%2Fv2%2Fmedia&parent=6921"}],"wp:term":[{"taxonomy":"category","embeddable":true,"href":"https:\/\/burkinaonline.net\/index.php?rest_route=%2Fwp%2Fv2%2Fcategories&post=6921"},{"taxonomy":"post_tag","embeddable":true,"href":"https:\/\/burkinaonline.net\/index.php?rest_route=%2Fwp%2Fv2%2Ftags&post=6921"}],"curies":[{"name":"wp","href":"https:\/\/api.w.org\/{rel}","templated":true}]}}