{"id":7024,"date":"2023-12-18T12:00:34","date_gmt":"2023-12-18T12:00:34","guid":{"rendered":"https:\/\/burkinaonline.net\/?p=7024"},"modified":"2023-12-18T12:00:34","modified_gmt":"2023-12-18T12:00:34","slug":"burkinafaso-nouveaugouvernement-voici-les-grands-points-du-remaniement-ministeriel-de-ce-17-decembre-2023","status":"publish","type":"post","link":"https:\/\/burkinaonline.net\/?p=7024","title":{"rendered":"#BurkinaFaso  &#8211; #NouveauGouvernement : Voici les grands points du remaniement minist\u00e9riel de ce 17 D\u00e9cembre 2023 :"},"content":{"rendered":"<div class=\"xdj266r x11i5rnm xat24cr x1mh8g0r x1vvkbs x126k92a\">\n<div dir=\"auto\">\u00a0<a href=\"http:\/\/burkinaonline.net\/wp-content\/uploads\/2023\/12\/412089774_693558512918939_2405572251002403086_n.jpg\"><img fetchpriority=\"high\" decoding=\"async\" class=\"size-medium wp-image-7026 alignleft\" src=\"http:\/\/burkinaonline.net\/wp-content\/uploads\/2023\/12\/412089774_693558512918939_2405572251002403086_n-300x300.jpg\" alt=\"\" width=\"300\" height=\"300\" srcset=\"https:\/\/burkinaonline.net\/wp-content\/uploads\/2023\/12\/412089774_693558512918939_2405572251002403086_n-300x300.jpg 300w, https:\/\/burkinaonline.net\/wp-content\/uploads\/2023\/12\/412089774_693558512918939_2405572251002403086_n-150x150.jpg 150w, https:\/\/burkinaonline.net\/wp-content\/uploads\/2023\/12\/412089774_693558512918939_2405572251002403086_n.jpg 720w\" sizes=\"(max-width: 300px) 100vw, 300px\" \/><\/a>&#8211; Jean Emannuel Ou\u00e9draogo est \u00e9lev\u00e9 au rang de Ministre d\u2019Etat, ministre de la communication, de la culture, des arts et du tourisme, Porte-parole du Gouvernement ;<\/div>\n<\/div>\n<div class=\"x11i5rnm xat24cr x1mh8g0r x1vvkbs xtlvy1s x126k92a\">\n<div dir=\"auto\">-Karamoko Jean Marie Traor\u00e9, pr\u00e9c\u00e9demment ministre d\u00e9l\u00e9gu\u00e9 \u00e0 la coop\u00e9ration, est promu ministre des affaires, \u00e0 la place de Olivia Rouamba ;<\/div>\n<\/div>\n<div class=\"x11i5rnm xat24cr x1mh8g0r x1vvkbs xtlvy1s x126k92a\">\n<div dir=\"auto\">-Yacouba Zabr\u00e9 Gouba arrive \u00e0 la t\u00eate du d\u00e9partement des mines, des carri\u00e8res et de l\u2019\u00e9nergie. Il remplace \u00e0 ce poste Jean-Pierre Boussim ;<\/div>\n<\/div>\n<div class=\"x11i5rnm xat24cr x1mh8g0r x1vvkbs xtlvy1s x126k92a\">\n<div dir=\"auto\">-Jacques Sosth\u00e8ne Dingara, ci-devant Secr\u00e9taire g\u00e9n\u00e9ral du Gouvernement, est ministre de l\u2019Education, en remplacement de Joseph Ou\u00e9draogo ;<\/div>\n<\/div>\n<div class=\"x11i5rnm xat24cr x1mh8g0r x1vvkbs xtlvy1s x126k92a\">\n<div dir=\"auto\">-Estalla Eldine Kabr\u00e9 est nomm\u00e9e ministre en charge de la coop\u00e9ration ;<\/div>\n<\/div>\n<div class=\"x11i5rnm xat24cr x1mh8g0r x1vvkbs xtlvy1s x126k92a\">\n<div dir=\"auto\">\u2013 Mathias Traor\u00e9, pr\u00e9c\u00e9demment Secr\u00e9taire g\u00e9n\u00e9ral de la Pr\u00e9sidence du Faso, devient Secr\u00e9taire g\u00e9n\u00e9ral du Gouvernement.<\/div>\n<\/div>\n<div class=\"x11i5rnm xat24cr x1mh8g0r x1vvkbs xtlvy1s x126k92a\">\n<div dir=\"auto\"><a class=\"x1i10hfl xjbqb8w x6umtig x1b1mbwd xaqea5y xav7gou x9f619 x1ypdohk xt0psk2 xe8uvvx xdj266r x11i5rnm xat24cr x1mh8g0r xexx8yu x4uap5 x18d9i69 xkhd6sd x16tdsg8 x1hl2dhg xggy1nq x1a2a7pz xt0b8zv x1qq9wsj xo1l8bm\" tabindex=\"0\" role=\"link\" href=\"https:\/\/web.facebook.com\/hashtag\/lecatalyseur?__eep__=6&amp;__cft__[0]=AZUBIfUfOu550pI6Ns9wOjHEY_ye85b20I1G6loYqu25OdXLzl5VvWuLpi2oSh6M7pME3uCuvaBKTTm2riVneYO4Gmjk_8bWHgzI6C2RPGmqwjXo9WD7cdOQtbno-OEm5f5VMo38pLeH_ty0hRerlaZm3z9CnWtxxAHmgqF-E58r_xDJxSFy0VlGwo_JJs4FYO4&amp;__tn__=*NK-R\">#LeCatalyseur<\/a><\/div>\n<div dir=\"auto\"><a href=\"http:\/\/burkinaonline.net\/wp-content\/uploads\/2023\/12\/412110355_693558569585600_4542154510871753879_n.jpg\"><img decoding=\"async\" class=\"alignnone size-medium wp-image-7027\" src=\"http:\/\/burkinaonline.net\/wp-content\/uploads\/2023\/12\/412110355_693558569585600_4542154510871753879_n-205x300.jpg\" alt=\"\" width=\"205\" height=\"300\" srcset=\"https:\/\/burkinaonline.net\/wp-content\/uploads\/2023\/12\/412110355_693558569585600_4542154510871753879_n-205x300.jpg 205w, https:\/\/burkinaonline.net\/wp-content\/uploads\/2023\/12\/412110355_693558569585600_4542154510871753879_n.jpg 655w\" sizes=\"(max-width: 205px) 100vw, 205px\" \/><\/a><a href=\"http:\/\/burkinaonline.net\/wp-content\/uploads\/2023\/12\/412135572_693558529585604_7110401708158205893_n.jpg\"><img decoding=\"async\" class=\"alignnone size-medium wp-image-7028\" src=\"http:\/\/burkinaonline.net\/wp-content\/uploads\/2023\/12\/412135572_693558529585604_7110401708158205893_n-209x300.jpg\" alt=\"\" width=\"209\" height=\"300\" srcset=\"https:\/\/burkinaonline.net\/wp-content\/uploads\/2023\/12\/412135572_693558529585604_7110401708158205893_n-209x300.jpg 209w, https:\/\/burkinaonline.net\/wp-content\/uploads\/2023\/12\/412135572_693558529585604_7110401708158205893_n.jpg 668w\" sizes=\"(max-width: 209px) 100vw, 209px\" \/><\/a><a href=\"http:\/\/burkinaonline.net\/wp-content\/uploads\/2023\/12\/412174767_693558586252265_5558013430216306366_n.jpg\"><img loading=\"lazy\" decoding=\"async\" class=\"alignnone size-medium wp-image-7025\" src=\"http:\/\/burkinaonline.net\/wp-content\/uploads\/2023\/12\/412174767_693558586252265_5558013430216306366_n-216x300.jpg\" alt=\"\" width=\"216\" height=\"300\" srcset=\"https:\/\/burkinaonline.net\/wp-content\/uploads\/2023\/12\/412174767_693558586252265_5558013430216306366_n-216x300.jpg 216w, https:\/\/burkinaonline.net\/wp-content\/uploads\/2023\/12\/412174767_693558586252265_5558013430216306366_n.jpg 691w\" sizes=\"(max-width: 216px) 100vw, 216px\" \/><\/a><\/div>\n<\/div>\n","protected":false},"excerpt":{"rendered":"<p>\u00a0&#8211; Jean Emannuel Ou\u00e9draogo est \u00e9lev\u00e9 au rang de Ministre d\u2019Etat, ministre de la communication,&#8230;<\/p>\n","protected":false},"author":1,"featured_media":7029,"comment_status":"open","ping_status":"open","sticky":false,"template":"","format":"standard","meta":{"footnotes":""},"categories":[8,11],"tags":[],"class_list":["post-7024","post","type-post","status-publish","format-standard","has-post-thumbnail","hentry","category-post","category-politique"],"_links":{"self":[{"href":"https:\/\/burkinaonline.net\/index.php?rest_route=\/wp\/v2\/posts\/7024","targetHints":{"allow":["GET"]}}],"collection":[{"href":"https:\/\/burkinaonline.net\/index.php?rest_route=\/wp\/v2\/posts"}],"about":[{"href":"https:\/\/burkinaonline.net\/index.php?rest_route=\/wp\/v2\/types\/post"}],"author":[{"embeddable":true,"href":"https:\/\/burkinaonline.net\/index.php?rest_route=\/wp\/v2\/users\/1"}],"replies":[{"embeddable":true,"href":"https:\/\/burkinaonline.net\/index.php?rest_route=%2Fwp%2Fv2%2Fcomments&post=7024"}],"version-history":[{"count":1,"href":"https:\/\/burkinaonline.net\/index.php?rest_route=\/wp\/v2\/posts\/7024\/revisions"}],"predecessor-version":[{"id":7030,"href":"https:\/\/burkinaonline.net\/index.php?rest_route=\/wp\/v2\/posts\/7024\/revisions\/7030"}],"wp:featuredmedia":[{"embeddable":true,"href":"https:\/\/burkinaonline.net\/index.php?rest_route=\/wp\/v2\/media\/7029"}],"wp:attachment":[{"href":"https:\/\/burkinaonline.net\/index.php?rest_route=%2Fwp%2Fv2%2Fmedia&parent=7024"}],"wp:term":[{"taxonomy":"category","embeddable":true,"href":"https:\/\/burkinaonline.net\/index.php?rest_route=%2Fwp%2Fv2%2Fcategories&post=7024"},{"taxonomy":"post_tag","embeddable":true,"href":"https:\/\/burkinaonline.net\/index.php?rest_route=%2Fwp%2Fv2%2Ftags&post=7024"}],"curies":[{"name":"wp","href":"https:\/\/api.w.org\/{rel}","templated":true}]}}