{"id":7031,"date":"2023-12-18T12:04:51","date_gmt":"2023-12-18T12:04:51","guid":{"rendered":"https:\/\/burkinaonline.net\/?p=7031"},"modified":"2026-01-28T11:38:29","modified_gmt":"2026-01-28T11:38:29","slug":"gouvernement-cest-quoi-un-ministre-detat","status":"publish","type":"post","link":"https:\/\/burkinaonline.net\/?p=7031","title":{"rendered":"#Gouvernement: C\u2019est quoi un ministre d\u2019Etat ?"},"content":{"rendered":"<div class=\"xdj266r x11i5rnm xat24cr x1mh8g0r x1vvkbs x126k92a\">\n<div dir=\"auto\">\u00a0\u00a0<a href=\"http:\/\/burkinaonline.net\/wp-content\/uploads\/2023\/12\/411488561_693785309562926_807109456368143151_n.jpg\"><img fetchpriority=\"high\" decoding=\"async\" class=\"size-medium wp-image-7034 alignleft\" src=\"http:\/\/burkinaonline.net\/wp-content\/uploads\/2023\/12\/411488561_693785309562926_807109456368143151_n-300x297.jpg\" alt=\"\" width=\"300\" height=\"297\" srcset=\"https:\/\/burkinaonline.net\/wp-content\/uploads\/2023\/12\/411488561_693785309562926_807109456368143151_n-300x297.jpg 300w, https:\/\/burkinaonline.net\/wp-content\/uploads\/2023\/12\/411488561_693785309562926_807109456368143151_n-150x150.jpg 150w, https:\/\/burkinaonline.net\/wp-content\/uploads\/2023\/12\/411488561_693785309562926_807109456368143151_n.jpg 606w\" sizes=\"(max-width: 300px) 100vw, 300px\" \/><\/a>Le titre de ministre d&rsquo;\u00c9tat est g\u00e9n\u00e9ralement r\u00e9serv\u00e9 \u00e0 des membres \u00e9minents d\u2019un gouvernement, signifiant souvent une position de prestige et de responsabilit\u00e9 accrues. Dans de nombreux pays, ce statut conf\u00e8re au titulaire une autorit\u00e9 hi\u00e9rarchique sup\u00e9rieure par rapport aux autres ministres, soulignant ainsi son importance au sein du cabinet minist\u00e9riel.<\/div>\n<\/div>\n<div class=\"x11i5rnm xat24cr x1mh8g0r x1vvkbs xtlvy1s x126k92a\">\n<div dir=\"auto\">Les ministres d&rsquo;\u00c9tat sont souvent charg\u00e9s de portefeuilles cl\u00e9s et de questions cruciales pour le gouvernement. Leur r\u00f4le peut varier en fonction des politiques et des traditions nationales, mais ils sont fr\u00e9quemment impliqu\u00e9s dans la prise de d\u00e9cisions strat\u00e9giques et participent activement \u00e0 la formulation des politiques publiques. Leur expertise et leur exp\u00e9rience sont des atouts importants pour le gouvernement.<\/div>\n<\/div>\n<div class=\"x11i5rnm xat24cr x1mh8g0r x1vvkbs xtlvy1s x126k92a\">\n<div dir=\"auto\">Outre leurs responsabilit\u00e9s minist\u00e9rielles sp\u00e9cifiques, les ministres d&rsquo;\u00c9tat peuvent \u00e9galement jouer un r\u00f4le dans la repr\u00e9sentation du gouvernement \u00e0 l&rsquo;\u00e9chelle nationale et internationale. Leur pr\u00e9sence dans des r\u00e9unions internationales ou des n\u00e9gociations importantes renforce souvent la cr\u00e9dibilit\u00e9 et l&rsquo;influence de leur pays sur la sc\u00e8ne mondiale.<\/div>\n<\/div>\n<div class=\"x11i5rnm xat24cr x1mh8g0r x1vvkbs xtlvy1s x126k92a\">\n<div dir=\"auto\">En r\u00e9sum\u00e9, \u00eatre nomm\u00e9 ministre d&rsquo;\u00c9tat est souvent une reconnaissance de la contribution significative d&rsquo;un individu \u00e0 la vie politique et gouvernementale. Ce titre est associ\u00e9 \u00e0 des attentes \u00e9lev\u00e9es et \u00e0 un niveau \u00e9lev\u00e9 d&rsquo;engagement dans la formulation et la mise en \u0153uvre des politiques nationales.<\/div>\n<\/div>\n<div class=\"x11i5rnm xat24cr x1mh8g0r x1vvkbs xtlvy1s x126k92a\">\n<div dir=\"auto\">Gildas Kinda pour <a class=\"x1i10hfl xjbqb8w x6umtig x1b1mbwd xaqea5y xav7gou x9f619 x1ypdohk xt0psk2 xe8uvvx xdj266r x11i5rnm xat24cr x1mh8g0r xexx8yu x4uap5 x18d9i69 xkhd6sd x16tdsg8 x1hl2dhg xggy1nq x1a2a7pz xt0b8zv x1qq9wsj xo1l8bm\" tabindex=\"0\" role=\"link\" href=\"https:\/\/web.facebook.com\/hashtag\/burkinaonline?__eep__=6&amp;__cft__[0]=AZUdcTuhDBCcVyYHyZhSuno4GdoSRCHxlolc0GAdnNxh5DWZHOso46pvaLrLLYS0bRSjzNpATwGy2L_CHE_ATbncR-AFY8JmjtFsNP8j_Z0GB0nRd1x6w7SVRRpYiM0dcO7UydsXadppJrl1ImLsK2aV2hYuN0JzwM7XSkpt1XFTm5mH6fEjtA3c4wYk8Oc5rCQ&amp;__tn__=*NK-R\">#BurkinaOnline<\/a><\/div>\n<div dir=\"auto\"><a href=\"http:\/\/burkinaonline.net\/wp-content\/uploads\/2023\/12\/411481934_693785269562930_3071295155893946578_n.jpg\"><img decoding=\"async\" class=\"alignnone size-medium wp-image-7033\" src=\"http:\/\/burkinaonline.net\/wp-content\/uploads\/2023\/12\/411481934_693785269562930_3071295155893946578_n-253x300.jpg\" alt=\"\" width=\"253\" height=\"300\" srcset=\"https:\/\/burkinaonline.net\/wp-content\/uploads\/2023\/12\/411481934_693785269562930_3071295155893946578_n-253x300.jpg 253w, https:\/\/burkinaonline.net\/wp-content\/uploads\/2023\/12\/411481934_693785269562930_3071295155893946578_n.jpg 714w\" sizes=\"(max-width: 253px) 100vw, 253px\" \/><\/a><\/div>\n<\/div>\n","protected":false},"excerpt":{"rendered":"<p>\u00a0\u00a0Le titre de ministre d&rsquo;\u00c9tat est g\u00e9n\u00e9ralement r\u00e9serv\u00e9 \u00e0 des membres \u00e9minents d\u2019un gouvernement, signifiant&#8230;<\/p>\n","protected":false},"author":1,"featured_media":7032,"comment_status":"open","ping_status":"open","sticky":false,"template":"","format":"standard","meta":{"footnotes":""},"categories":[10,11],"tags":[],"class_list":["post-7031","post","type-post","status-publish","format-standard","has-post-thumbnail","hentry","category-burkina-faso","category-politique"],"_links":{"self":[{"href":"https:\/\/burkinaonline.net\/index.php?rest_route=\/wp\/v2\/posts\/7031","targetHints":{"allow":["GET"]}}],"collection":[{"href":"https:\/\/burkinaonline.net\/index.php?rest_route=\/wp\/v2\/posts"}],"about":[{"href":"https:\/\/burkinaonline.net\/index.php?rest_route=\/wp\/v2\/types\/post"}],"author":[{"embeddable":true,"href":"https:\/\/burkinaonline.net\/index.php?rest_route=\/wp\/v2\/users\/1"}],"replies":[{"embeddable":true,"href":"https:\/\/burkinaonline.net\/index.php?rest_route=%2Fwp%2Fv2%2Fcomments&post=7031"}],"version-history":[{"count":2,"href":"https:\/\/burkinaonline.net\/index.php?rest_route=\/wp\/v2\/posts\/7031\/revisions"}],"predecessor-version":[{"id":9241,"href":"https:\/\/burkinaonline.net\/index.php?rest_route=\/wp\/v2\/posts\/7031\/revisions\/9241"}],"wp:featuredmedia":[{"embeddable":true,"href":"https:\/\/burkinaonline.net\/index.php?rest_route=\/wp\/v2\/media\/7032"}],"wp:attachment":[{"href":"https:\/\/burkinaonline.net\/index.php?rest_route=%2Fwp%2Fv2%2Fmedia&parent=7031"}],"wp:term":[{"taxonomy":"category","embeddable":true,"href":"https:\/\/burkinaonline.net\/index.php?rest_route=%2Fwp%2Fv2%2Fcategories&post=7031"},{"taxonomy":"post_tag","embeddable":true,"href":"https:\/\/burkinaonline.net\/index.php?rest_route=%2Fwp%2Fv2%2Ftags&post=7031"}],"curies":[{"name":"wp","href":"https:\/\/api.w.org\/{rel}","templated":true}]}}