{"id":7041,"date":"2023-12-18T12:13:51","date_gmt":"2023-12-18T12:13:51","guid":{"rendered":"https:\/\/burkinaonline.net\/?p=7041"},"modified":"2023-12-18T12:36:24","modified_gmt":"2023-12-18T12:36:24","slug":"les-100-qui-transforment-lafrique-tidjane-thiam-designe-financier-de-lannee-en-afrique","status":"publish","type":"post","link":"https:\/\/burkinaonline.net\/?p=7041","title":{"rendered":"Les 100 qui transforment l\u2019Afrique: Tidjane Thiam d\u00e9sign\u00e9 \u00ab Financier de l\u2019ann\u00e9e \u00bb en Afrique"},"content":{"rendered":"<div class=\"xdj266r x11i5rnm xat24cr x1mh8g0r x1vvkbs x126k92a\">\n<div dir=\"auto\"><a href=\"http:\/\/burkinaonline.net\/wp-content\/uploads\/2023\/12\/411523261_693869509554506_4718590351285157070_n.jpg\"><img fetchpriority=\"high\" decoding=\"async\" class=\"size-medium wp-image-7042 alignleft\" src=\"http:\/\/burkinaonline.net\/wp-content\/uploads\/2023\/12\/411523261_693869509554506_4718590351285157070_n-300x200.jpg\" alt=\"\" width=\"300\" height=\"200\" srcset=\"https:\/\/burkinaonline.net\/wp-content\/uploads\/2023\/12\/411523261_693869509554506_4718590351285157070_n-300x200.jpg 300w, https:\/\/burkinaonline.net\/wp-content\/uploads\/2023\/12\/411523261_693869509554506_4718590351285157070_n.jpg 763w\" sizes=\"(max-width: 300px) 100vw, 300px\" \/><\/a>Dakar le 15 d\u00e9cembre 2023 \u2013 Le journal panafricain Financial Afrik a d\u00e9sign\u00e9 Tidjane Thiam \u00abFinancier de l\u2019ann\u00e9e\u00bb. L\u2019ancien CEO de Prudential et de Cr\u00e9dit Suisse a \u00e9t\u00e9 choisi par le comit\u00e9 de s\u00e9lection sur la base de plusieurs crit\u00e8res int\u00e9grant son parcours acad\u00e9mique et professionnel, son exp\u00e9rience et son leadership dans les sujets de port\u00e9e continentale et mondiale.\ufffdPar ailleurs, Vera Esperan\u00e7a dos Santos Daves de Sousa, actuelle ministre des Finances de l\u2019Angola a \u00e9t\u00e9 d\u00e9sign\u00e9e \u00abMeilleur ministre des Finances\u00bb sur une short-list de cinq ministres. Le processus de d\u00e9sendettement en cours coupl\u00e9 \u00e0 des r\u00e9formes en profondeur ont \u00e9t\u00e9 d\u00e9terminants dans ce choix.\ufffdLe deal de l\u2019ann\u00e9e 2023 est revenu \u00e0 la Banque Ouest Africaine de D\u00e9veloppement \u00e0 travers la plus grande op\u00e9ration de titrisation de cr\u00e9ances jamais exp\u00e9riment\u00e9e au niveau de la Bourse R\u00e9gionale des Valeurs Mobili\u00e8res (BRVM).\ufffdCes distinctions phares sont \u00e0 retrouver dans le num\u00e9ro 106 de Financial Afrik portant sur \u00abLes 100 personnalit\u00e9s qui transforment l\u2019Afrique\u00bb en ligne sur Financial Afrik. Une s\u00e9lection qui r\u00e9sume l\u2019actualit\u00e9 des fusions acquisitions, des rapprochements et des tendances d\u2019une ann\u00e9e somme toute palpitante.\ufffdContrairement aux autres \u00e9ditions et en raison d\u2019un calendrier des \u00e9v\u00e9nements charg\u00e9s, Financial Afrik a d\u00e9coupl\u00e9 l\u2019annonce des laur\u00e9ats de la conf\u00e9rence \u00abLes Financial Afrik Awards\u00bb qui se tiendront prochainement dans un cadre r\u00e9nov\u00e9 et festif.\ufffdLanc\u00e9 en 2013 \u00e0 Casablanca, Nouakchott et Dakar, le journal FInancial Afrik est une plateforme panafricaine regroupant deux sites internet (Financial Afrik en fran\u00e7ais et Kapital Afrik en anglais), une cha\u00eene Youtube (Financial Afrik TV), une radio (FInancial Afrik Radio), une newsletter quotidienne et un spectrice de r\u00e9seaux sociaux qui compte 500 000 followers.<\/div>\n<\/div>\n<div class=\"x11i5rnm xat24cr x1mh8g0r x1vvkbs xtlvy1s x126k92a\">\n<div dir=\"auto\">Financial Afrik<\/div>\n<div dir=\"auto\"><a class=\"x1i10hfl xjbqb8w x6umtig x1b1mbwd xaqea5y xav7gou x9f619 x1ypdohk xt0psk2 xe8uvvx xdj266r x11i5rnm xat24cr x1mh8g0r xexx8yu x4uap5 x18d9i69 xkhd6sd x16tdsg8 x1hl2dhg xggy1nq x1a2a7pz xt0b8zv x1qq9wsj xo1l8bm\" tabindex=\"0\" role=\"link\" href=\"https:\/\/web.facebook.com\/hashtag\/burkinaonline?__eep__=6&amp;__cft__[0]=AZUCgT88hD6scZduHcp-OSAMWkM1BpBHvGwrGRSw-8_HvZdBP6v7Wtdu6O2N5nJwMTpPLE-UWLKBX8mjry8alCkbOmMSjruCyLDe9zgfUNeLbE-daPwuenfKdcVM2VVmWetKi4M5dLdRQzAoOS-U-A0iIxUmZf1egbJ477IBW7pfVUgOrRSXmMVyhOblXMKYUjQ&amp;__tn__=*NK-R\">#BurkinaOnline<\/a><\/div>\n<\/div>\n","protected":false},"excerpt":{"rendered":"<p>Dakar le 15 d\u00e9cembre 2023 \u2013 Le journal panafricain Financial Afrik a d\u00e9sign\u00e9 Tidjane Thiam&#8230;<\/p>\n","protected":false},"author":1,"featured_media":7042,"comment_status":"open","ping_status":"open","sticky":false,"template":"","format":"standard","meta":{"footnotes":""},"categories":[15,18,13],"tags":[],"class_list":["post-7041","post","type-post","status-publish","format-standard","has-post-thumbnail","hentry","category-economie","category-international","category-societe"],"_links":{"self":[{"href":"https:\/\/burkinaonline.net\/index.php?rest_route=\/wp\/v2\/posts\/7041","targetHints":{"allow":["GET"]}}],"collection":[{"href":"https:\/\/burkinaonline.net\/index.php?rest_route=\/wp\/v2\/posts"}],"about":[{"href":"https:\/\/burkinaonline.net\/index.php?rest_route=\/wp\/v2\/types\/post"}],"author":[{"embeddable":true,"href":"https:\/\/burkinaonline.net\/index.php?rest_route=\/wp\/v2\/users\/1"}],"replies":[{"embeddable":true,"href":"https:\/\/burkinaonline.net\/index.php?rest_route=%2Fwp%2Fv2%2Fcomments&post=7041"}],"version-history":[{"count":1,"href":"https:\/\/burkinaonline.net\/index.php?rest_route=\/wp\/v2\/posts\/7041\/revisions"}],"predecessor-version":[{"id":7043,"href":"https:\/\/burkinaonline.net\/index.php?rest_route=\/wp\/v2\/posts\/7041\/revisions\/7043"}],"wp:featuredmedia":[{"embeddable":true,"href":"https:\/\/burkinaonline.net\/index.php?rest_route=\/wp\/v2\/media\/7042"}],"wp:attachment":[{"href":"https:\/\/burkinaonline.net\/index.php?rest_route=%2Fwp%2Fv2%2Fmedia&parent=7041"}],"wp:term":[{"taxonomy":"category","embeddable":true,"href":"https:\/\/burkinaonline.net\/index.php?rest_route=%2Fwp%2Fv2%2Fcategories&post=7041"},{"taxonomy":"post_tag","embeddable":true,"href":"https:\/\/burkinaonline.net\/index.php?rest_route=%2Fwp%2Fv2%2Ftags&post=7041"}],"curies":[{"name":"wp","href":"https:\/\/api.w.org\/{rel}","templated":true}]}}