{"id":7047,"date":"2023-12-18T19:07:18","date_gmt":"2023-12-18T19:07:18","guid":{"rendered":"https:\/\/burkinaonline.net\/?p=7047"},"modified":"2025-05-28T18:53:18","modified_gmt":"2025-05-28T18:53:18","slug":"%f0%9f%94%b4burkinafaso-%f0%9f%87%a7%f0%9f%87%ab-securite-banwa-la-commune-de-balave-a-retrouve-son-calme","status":"publish","type":"post","link":"https:\/\/burkinaonline.net\/?p=7047","title":{"rendered":"#BurkinaFaso \ud83c\udde7\ud83c\uddeb &#8211; #S\u00e9curit\u00e9 #Banwa: la commune de Balav\u00e9 a retrouv\u00e9 son calme"},"content":{"rendered":"<p><a href=\"http:\/\/burkinaonline.net\/wp-content\/uploads\/2023\/12\/IMG_8818.jpeg\"><img fetchpriority=\"high\" decoding=\"async\" class=\"size-medium wp-image-7050 alignleft\" src=\"http:\/\/burkinaonline.net\/wp-content\/uploads\/2023\/12\/IMG_8818-300x225.jpeg\" alt=\"\" width=\"300\" height=\"225\" srcset=\"https:\/\/burkinaonline.net\/wp-content\/uploads\/2023\/12\/IMG_8818-300x225.jpeg 300w, https:\/\/burkinaonline.net\/wp-content\/uploads\/2023\/12\/IMG_8818-1024x768.jpeg 1024w, https:\/\/burkinaonline.net\/wp-content\/uploads\/2023\/12\/IMG_8818-768x576.jpeg 768w, https:\/\/burkinaonline.net\/wp-content\/uploads\/2023\/12\/IMG_8818.jpeg 1152w\" sizes=\"(max-width: 300px) 100vw, 300px\" \/><\/a>Les populations de Balav\u00e9 dans la province des Banwa vaquent paisiblement \u00e0 leurs occupations apr\u00e8s que les forces combattantes ont recherch\u00e9 et neutralis\u00e9 les membres du groupuscule terroriste qui s\u2019est signal\u00e9 dans la nuit du jeudi 14 au vendredi 15 d\u00e9cembre 2023, dans cette commune, a-t-on constat\u00e9 sur place.<br \/>\nAussit\u00f4t apr\u00e8s le passage des terroristes ayant fait 19 victimes parmi les civils,les forces de d\u00e9fense et de s\u00e9curit\u00e9 et les Volontaires pour la d\u00e9fense de la patrie se sont mobilis\u00e9s \u00e0 leur trousse.<br \/>\nCe samedi 16 d\u00e9cembre les FDS et VDP ont fait leur entr\u00e9e \u00e0 Balave.<br \/>\nDans leur progression de ratissage \u00e0 l\u2019int\u00e9rieur de la commune et dans les environs, les forces combattantes ont pu d\u00e9nombrer 7 corps dans les rangs des terroristes, selon une source s\u00e9curitaire.<br \/>\nLa m\u00eame source indique que tous les moyens sont mis pour renforcer la s\u00e9curit\u00e9 dans cette commune.<br \/>\nEn entendant, les populations ont repris sereinement leurs activit\u00e9s, saluant l\u2019intervention de FDS et des VDS qui ont permis aux habitants bloqu\u00e9s hors de la commune lors du passage des terroristes, de rejoindre leurs domiciles.<br \/>\nAgence d\u2019information du Burkina<\/p>\n","protected":false},"excerpt":{"rendered":"<p>Les populations de Balav\u00e9 dans la province des Banwa vaquent paisiblement \u00e0 leurs occupations apr\u00e8s&#8230;<\/p>\n","protected":false},"author":1,"featured_media":7050,"comment_status":"open","ping_status":"open","sticky":false,"template":"","format":"standard","meta":{"footnotes":""},"categories":[8,12],"tags":[],"class_list":["post-7047","post","type-post","status-publish","format-standard","has-post-thumbnail","hentry","category-post","category-terrorisme"],"_links":{"self":[{"href":"https:\/\/burkinaonline.net\/index.php?rest_route=\/wp\/v2\/posts\/7047","targetHints":{"allow":["GET"]}}],"collection":[{"href":"https:\/\/burkinaonline.net\/index.php?rest_route=\/wp\/v2\/posts"}],"about":[{"href":"https:\/\/burkinaonline.net\/index.php?rest_route=\/wp\/v2\/types\/post"}],"author":[{"embeddable":true,"href":"https:\/\/burkinaonline.net\/index.php?rest_route=\/wp\/v2\/users\/1"}],"replies":[{"embeddable":true,"href":"https:\/\/burkinaonline.net\/index.php?rest_route=%2Fwp%2Fv2%2Fcomments&post=7047"}],"version-history":[{"count":2,"href":"https:\/\/burkinaonline.net\/index.php?rest_route=\/wp\/v2\/posts\/7047\/revisions"}],"predecessor-version":[{"id":7501,"href":"https:\/\/burkinaonline.net\/index.php?rest_route=\/wp\/v2\/posts\/7047\/revisions\/7501"}],"wp:featuredmedia":[{"embeddable":true,"href":"https:\/\/burkinaonline.net\/index.php?rest_route=\/wp\/v2\/media\/7050"}],"wp:attachment":[{"href":"https:\/\/burkinaonline.net\/index.php?rest_route=%2Fwp%2Fv2%2Fmedia&parent=7047"}],"wp:term":[{"taxonomy":"category","embeddable":true,"href":"https:\/\/burkinaonline.net\/index.php?rest_route=%2Fwp%2Fv2%2Fcategories&post=7047"},{"taxonomy":"post_tag","embeddable":true,"href":"https:\/\/burkinaonline.net\/index.php?rest_route=%2Fwp%2Fv2%2Ftags&post=7047"}],"curies":[{"name":"wp","href":"https:\/\/api.w.org\/{rel}","templated":true}]}}