{"id":7053,"date":"2023-12-19T06:52:43","date_gmt":"2023-12-19T06:52:43","guid":{"rendered":"https:\/\/burkinaonline.net\/?p=7053"},"modified":"2023-12-19T14:55:36","modified_gmt":"2023-12-19T14:55:36","slug":"le-vatican-autorise-la-benediction-hors-liturgie-des-couples-de-meme-sexe-une-premiere","status":"publish","type":"post","link":"https:\/\/burkinaonline.net\/?p=7053","title":{"rendered":"#LE VATICAN AUTORISE LA B\u00c9N\u00c9DICTION DES COUPLES DE M\u00caME SEXE, UNE PREMI\u00c8RE"},"content":{"rendered":"<p style=\"text-align: left;\">Le Vatican a autoris\u00e9, ce lundi 18 d\u00e9cembre, dans un document officiel la b\u00e9n\u00e9diction des couples de m\u00eame sexe et \u00ab\u00a0en situation irr\u00e9guli\u00e8re\u00a0\u00bb pour l&rsquo;Eglise, une premi\u00e8re, tout en restant ferme sur son opposition au mariage homosexuel.<br \/>\nCette b\u00e9n\u00e9diction \u00ab\u00a0ne sera jamais accomplie en m\u00eame temps que les rites civils d&rsquo;union, ni m\u00eame en relation avec eux\u00a0\u00bb, pr\u00e9cise le document du dicast\u00e8re pour la Doctrine de la foi, approuv\u00e9 par le pape Fran\u00e7ois.<\/p>\n<p>Opposition de la frange conservatrice<br \/>\n\u00ab\u00a0Il est possible de b\u00e9nir les couples en situation irr\u00e9guli\u00e8re et les couples de m\u00eame sexe, sous une forme qui ne doit pas \u00eatre fix\u00e9e rituellement par les autorit\u00e9s eccl\u00e9siales, afin de ne pas cr\u00e9er de confusion avec la b\u00e9n\u00e9diction propre au sacrement du mariage\u00a0\u00bb, explique ce document publi\u00e9 en plusieurs langues par le Vatican.<br \/>\nC&rsquo;est la premi\u00e8re fois que l&rsquo;Eglise ouvre la voie aussi clairement \u00e0 la b\u00e9n\u00e9diction des couples de m\u00eame sexe, un sujet qui cristallise les tensions au sein de l&rsquo;Eglise en raison d&rsquo;une vive opposition de sa frange conservatrice, notamment aux Etats-Unis. Malgr\u00e9 la non reconnaissance du Saint-Si\u00e8ge, la b\u00e9n\u00e9diction des couples de m\u00eame sexe \u00e9tait toutefois d\u00e9j\u00e0 pratiqu\u00e9e jusqu&rsquo;ici par certains pr\u00eatres, notamment en Belgique et en Allemagne.<\/p>\n<p>Un Synode en octobre<br \/>\nCette d\u00e9claration intervient six semaines apr\u00e8s la cl\u00f4ture de l&rsquo;Assembl\u00e9e g\u00e9n\u00e9rale du Synode pour l&rsquo;avenir de l&rsquo;Eglise catholique, une r\u00e9union mondiale consultative lors de laquelle \u00e9v\u00eaques, femmes et la\u00efcs ont d\u00e9battu sur des sujets de soci\u00e9t\u00e9 comme l&rsquo;accueil des personnes LGBT+ ou les divorc\u00e9s remari\u00e9s.<\/p>\n<p>D\u00e9but octobre, cinq cardinaux conservateurs avaient publiquement demand\u00e9 au pape Fran\u00e7ois de r\u00e9affirmer la doctrine catholique sur les couples gays, mais le document final du Synode avait laiss\u00e9 cette question brulante de c\u00f4t\u00e9.<br \/>\nEn 2021, le Vatican avait r\u00e9affirm\u00e9 consid\u00e9rer l&rsquo;homosexualit\u00e9 comme un \u00ab\u00a0p\u00e9ch\u00e9\u00a0\u00bb et confirm\u00e9 l&rsquo;impossibilit\u00e9 pour les couples du m\u00eame sexe de recevoir le sacrement du mariage. Depuis son \u00e9lection en 2013, le j\u00e9suite argentin, qui insiste sur l&rsquo;importance d&rsquo;une Eglise \u00ab\u00a0ouverte \u00e0 tous\u00a0\u00bb, a \u00e0 plusieurs reprises suscit\u00e9 l&rsquo;ire des conservateurs, notamment en restreignant l&rsquo;usage de la messe traditionnelle en latin en 2021.<br \/>\nDOSSIER : PAPE FRAN\u00c7OIS<\/p>\n<p>Voir plus<br \/>\nPar EB avec AFP<br \/>\nBFMTV<\/p>\n","protected":false},"excerpt":{"rendered":"<p>Le Vatican a autoris\u00e9, ce lundi 18 d\u00e9cembre, dans un document officiel la b\u00e9n\u00e9diction des&#8230;<\/p>\n","protected":false},"author":1,"featured_media":7054,"comment_status":"open","ping_status":"open","sticky":false,"template":"","format":"standard","meta":{"footnotes":""},"categories":[8,18,13],"tags":[],"class_list":["post-7053","post","type-post","status-publish","format-standard","has-post-thumbnail","hentry","category-post","category-international","category-societe"],"_links":{"self":[{"href":"https:\/\/burkinaonline.net\/index.php?rest_route=\/wp\/v2\/posts\/7053","targetHints":{"allow":["GET"]}}],"collection":[{"href":"https:\/\/burkinaonline.net\/index.php?rest_route=\/wp\/v2\/posts"}],"about":[{"href":"https:\/\/burkinaonline.net\/index.php?rest_route=\/wp\/v2\/types\/post"}],"author":[{"embeddable":true,"href":"https:\/\/burkinaonline.net\/index.php?rest_route=\/wp\/v2\/users\/1"}],"replies":[{"embeddable":true,"href":"https:\/\/burkinaonline.net\/index.php?rest_route=%2Fwp%2Fv2%2Fcomments&post=7053"}],"version-history":[{"count":3,"href":"https:\/\/burkinaonline.net\/index.php?rest_route=\/wp\/v2\/posts\/7053\/revisions"}],"predecessor-version":[{"id":7064,"href":"https:\/\/burkinaonline.net\/index.php?rest_route=\/wp\/v2\/posts\/7053\/revisions\/7064"}],"wp:featuredmedia":[{"embeddable":true,"href":"https:\/\/burkinaonline.net\/index.php?rest_route=\/wp\/v2\/media\/7054"}],"wp:attachment":[{"href":"https:\/\/burkinaonline.net\/index.php?rest_route=%2Fwp%2Fv2%2Fmedia&parent=7053"}],"wp:term":[{"taxonomy":"category","embeddable":true,"href":"https:\/\/burkinaonline.net\/index.php?rest_route=%2Fwp%2Fv2%2Fcategories&post=7053"},{"taxonomy":"post_tag","embeddable":true,"href":"https:\/\/burkinaonline.net\/index.php?rest_route=%2Fwp%2Fv2%2Ftags&post=7053"}],"curies":[{"name":"wp","href":"https:\/\/api.w.org\/{rel}","templated":true}]}}