{"id":7065,"date":"2023-12-19T19:49:07","date_gmt":"2023-12-19T19:49:07","guid":{"rendered":"https:\/\/burkinaonline.net\/?p=7065"},"modified":"2023-12-19T20:40:23","modified_gmt":"2023-12-19T20:40:23","slug":"terrorisme-lartiste-tiken-jah-fakoly-salue-le-patriotisme-des-soldats-burkinabe-blesses-au-front","status":"publish","type":"post","link":"https:\/\/burkinaonline.net\/?p=7065","title":{"rendered":"Terrorisme : L\u2019artiste Tiken Jah Fakoly salue le patriotisme des soldats burkinab\u00e8 bless\u00e9s au front"},"content":{"rendered":"<p class=\"p1\" style=\"text-align: left;\">Ouagadougou, 19 d\u00e9c. 2023 (AIB)-Le c\u00e9l\u00e8bre reggaeman ivoirien, Tiken Jah Fakoly, a salu\u00e9 mardi, le patriotisme de soldats burkinab\u00e8, bless\u00e9s sur le front de la guerre pour la lib\u00e9ration du territoire des mains des terroristes, a appris l\u2019AIB.<\/p>\n<p class=\"p1\"><span class=\"s1\">\u00ab\u00a0Je suis venu vous souhaiter prompt r\u00e9tablissement et vous dire merci pour le sacrifice pour la Nation, pour l\u2019Afrique. Je salue votre patriotisme de soldat pour d\u00e9fendre les terres que nos anc\u00eatres nous ont l\u00e9gu\u00e9es\u00a0\u00bb a d\u00e9clar\u00e9 mardi Tiken Jah Fakoly, selon l\u2019Etat major g\u00e9n\u00e9ral des Arm\u00e9es du Burkina Faso.<\/span><\/p>\n<p class=\"p1\"><span class=\"s1\">L\u2019artiste venait de rencontrer des soldats en soins pour des blessures caus\u00e9es sur le terrain de la lutte anti-terroriste, en cours depuis huit ans.<\/span><\/p>\n<p class=\"p1\"><span class=\"s1\">Le reggaeman organise les 21 et 22 d\u00e9cembre 2023, \u00e0 Bobo-Dioulasso et \u00e0 Ouagadougou, deux concerts en hommage aux valeureux soldats burkinab\u00e8.<\/span><\/p>\n<p class=\"p1\"><span class=\"s2\">Agence d\u2019information du Burkina<\/span><\/p>\n<p style=\"text-align: center;\"><a href=\"http:\/\/burkinaonline.net\/wp-content\/uploads\/2023\/12\/IMG_8896.jpeg\"><img fetchpriority=\"high\" decoding=\"async\" class=\"alignnone size-medium wp-image-7070\" src=\"http:\/\/burkinaonline.net\/wp-content\/uploads\/2023\/12\/IMG_8896-300x200.jpeg\" alt=\"\" width=\"300\" height=\"200\" srcset=\"https:\/\/burkinaonline.net\/wp-content\/uploads\/2023\/12\/IMG_8896-300x200.jpeg 300w, https:\/\/burkinaonline.net\/wp-content\/uploads\/2023\/12\/IMG_8896-1024x682.jpeg 1024w, https:\/\/burkinaonline.net\/wp-content\/uploads\/2023\/12\/IMG_8896-768x511.jpeg 768w, https:\/\/burkinaonline.net\/wp-content\/uploads\/2023\/12\/IMG_8896.jpeg 1320w\" sizes=\"(max-width: 300px) 100vw, 300px\" \/><\/a><a href=\"http:\/\/burkinaonline.net\/wp-content\/uploads\/2023\/12\/IMG_8895.jpeg\"><img decoding=\"async\" class=\"alignnone size-medium wp-image-7069\" src=\"http:\/\/burkinaonline.net\/wp-content\/uploads\/2023\/12\/IMG_8895-300x200.jpeg\" alt=\"\" width=\"300\" height=\"200\" srcset=\"https:\/\/burkinaonline.net\/wp-content\/uploads\/2023\/12\/IMG_8895-300x200.jpeg 300w, https:\/\/burkinaonline.net\/wp-content\/uploads\/2023\/12\/IMG_8895-1024x682.jpeg 1024w, https:\/\/burkinaonline.net\/wp-content\/uploads\/2023\/12\/IMG_8895-768x511.jpeg 768w, https:\/\/burkinaonline.net\/wp-content\/uploads\/2023\/12\/IMG_8895.jpeg 1320w\" sizes=\"(max-width: 300px) 100vw, 300px\" \/><\/a><a href=\"http:\/\/burkinaonline.net\/wp-content\/uploads\/2023\/12\/IMG_8892-1.jpeg\"><img decoding=\"async\" class=\"alignnone size-medium wp-image-7067\" src=\"http:\/\/burkinaonline.net\/wp-content\/uploads\/2023\/12\/IMG_8892-1-300x200.jpeg\" alt=\"\" width=\"300\" height=\"200\" srcset=\"https:\/\/burkinaonline.net\/wp-content\/uploads\/2023\/12\/IMG_8892-1-300x200.jpeg 300w, https:\/\/burkinaonline.net\/wp-content\/uploads\/2023\/12\/IMG_8892-1-1024x682.jpeg 1024w, https:\/\/burkinaonline.net\/wp-content\/uploads\/2023\/12\/IMG_8892-1-768x512.jpeg 768w, https:\/\/burkinaonline.net\/wp-content\/uploads\/2023\/12\/IMG_8892-1-1536x1023.jpeg 1536w, https:\/\/burkinaonline.net\/wp-content\/uploads\/2023\/12\/IMG_8892-1.jpeg 1600w\" sizes=\"(max-width: 300px) 100vw, 300px\" \/><\/a><\/p>\n<blockquote>\n<p style=\"text-align: left;\">\n<\/blockquote>\n<p>&nbsp;<\/p>\n","protected":false},"excerpt":{"rendered":"<p>Ouagadougou, 19 d\u00e9c. 2023 (AIB)-Le c\u00e9l\u00e8bre reggaeman ivoirien, Tiken Jah Fakoly, a salu\u00e9 mardi, le&#8230;<\/p>\n","protected":false},"author":1,"featured_media":7066,"comment_status":"open","ping_status":"open","sticky":false,"template":"","format":"standard","meta":{"footnotes":""},"categories":[8,14],"tags":[],"class_list":["post-7065","post","type-post","status-publish","format-standard","has-post-thumbnail","hentry","category-post","category-culture"],"_links":{"self":[{"href":"https:\/\/burkinaonline.net\/index.php?rest_route=\/wp\/v2\/posts\/7065","targetHints":{"allow":["GET"]}}],"collection":[{"href":"https:\/\/burkinaonline.net\/index.php?rest_route=\/wp\/v2\/posts"}],"about":[{"href":"https:\/\/burkinaonline.net\/index.php?rest_route=\/wp\/v2\/types\/post"}],"author":[{"embeddable":true,"href":"https:\/\/burkinaonline.net\/index.php?rest_route=\/wp\/v2\/users\/1"}],"replies":[{"embeddable":true,"href":"https:\/\/burkinaonline.net\/index.php?rest_route=%2Fwp%2Fv2%2Fcomments&post=7065"}],"version-history":[{"count":1,"href":"https:\/\/burkinaonline.net\/index.php?rest_route=\/wp\/v2\/posts\/7065\/revisions"}],"predecessor-version":[{"id":7071,"href":"https:\/\/burkinaonline.net\/index.php?rest_route=\/wp\/v2\/posts\/7065\/revisions\/7071"}],"wp:featuredmedia":[{"embeddable":true,"href":"https:\/\/burkinaonline.net\/index.php?rest_route=\/wp\/v2\/media\/7066"}],"wp:attachment":[{"href":"https:\/\/burkinaonline.net\/index.php?rest_route=%2Fwp%2Fv2%2Fmedia&parent=7065"}],"wp:term":[{"taxonomy":"category","embeddable":true,"href":"https:\/\/burkinaonline.net\/index.php?rest_route=%2Fwp%2Fv2%2Fcategories&post=7065"},{"taxonomy":"post_tag","embeddable":true,"href":"https:\/\/burkinaonline.net\/index.php?rest_route=%2Fwp%2Fv2%2Ftags&post=7065"}],"curies":[{"name":"wp","href":"https:\/\/api.w.org\/{rel}","templated":true}]}}