{"id":7076,"date":"2023-12-20T11:04:14","date_gmt":"2023-12-20T11:04:14","guid":{"rendered":"https:\/\/burkinaonline.net\/?p=7076"},"modified":"2023-12-20T11:04:14","modified_gmt":"2023-12-20T11:04:14","slug":"arrestation-dagents-de-la-dgse-a-ouagadougou-un-dossier-sous-tension","status":"publish","type":"post","link":"https:\/\/burkinaonline.net\/?p=7076","title":{"rendered":"Arrestation d&rsquo;Agents de la DGSE \u00e0 Ouagadougou : Un Dossier Sous Tension"},"content":{"rendered":"<div class=\"xdj266r x11i5rnm xat24cr x1mh8g0r x1vvkbs x126k92a\">\n<div dir=\"auto\">Selon Jeune Afrique, 4 agents fran\u00e7ais de la DGSE (Direction g\u00e9n\u00e9rale de la s\u00e9curit\u00e9 ext\u00e9rieure ) auraient \u00e9t\u00e9 arr\u00eat\u00e9s \u00e0 Ouagadougou d\u00e9but d\u00e9cembre 2023. Ces quatre agents \u00e9taient arriv\u00e9s au Burkina Faso quelques jours avant leur interpellation. Accus\u00e9s d\u2019espionnage, ils auraient \u00e9t\u00e9 d\u00e9tenus et interrog\u00e9s pendant une dizaine de jours avant d\u2019\u00eatre transf\u00e9r\u00e9s \u00e0 la maison d&rsquo;arr\u00eat et de correction de Ouagadougou (MACO).<\/div>\n<\/div>\n<div class=\"x11i5rnm xat24cr x1mh8g0r x1vvkbs xtlvy1s x126k92a\">\n<div dir=\"auto\">Affaire \u00e0 suivre !<\/div>\n<div dir=\"auto\">Source : Jeune Afrique<\/div>\n<div dir=\"auto\"><a class=\"x1i10hfl xjbqb8w x6umtig x1b1mbwd xaqea5y xav7gou x9f619 x1ypdohk xt0psk2 xe8uvvx xdj266r x11i5rnm xat24cr x1mh8g0r xexx8yu x4uap5 x18d9i69 xkhd6sd x16tdsg8 x1hl2dhg xggy1nq x1a2a7pz xt0b8zv x1qq9wsj xo1l8bm\" tabindex=\"0\" role=\"link\" href=\"https:\/\/www.facebook.com\/hashtag\/burkinaonline?__eep__=6&amp;__cft__[0]=AZW-apHNIEMrF9VtEv1lFGPWsP_B4-HbWcYAGqZ1ectXEZmlONh3vzPmh6nL9fpaon_XZGABU3ZrSptvwCbJIQLDo1azt79H7l9PI3wQaSq_SYv4wLJ7W-5Q2en6XIuUY0ZYW0F_ehbzalxxi4DNhXUrqIuctBTrSWNNZ2VH9dmKY4IgM2GEjwBjRQHm-_nfmEw&amp;__tn__=*NK-R\">#BurkinaOnline<\/a><\/div>\n<\/div>\n","protected":false},"excerpt":{"rendered":"<p>Selon Jeune Afrique, 4 agents fran\u00e7ais de la DGSE (Direction g\u00e9n\u00e9rale de la s\u00e9curit\u00e9 ext\u00e9rieure&#8230;<\/p>\n","protected":false},"author":1,"featured_media":7077,"comment_status":"open","ping_status":"open","sticky":false,"template":"","format":"standard","meta":{"footnotes":""},"categories":[8,18],"tags":[],"class_list":["post-7076","post","type-post","status-publish","format-standard","has-post-thumbnail","hentry","category-post","category-international"],"_links":{"self":[{"href":"https:\/\/burkinaonline.net\/index.php?rest_route=\/wp\/v2\/posts\/7076","targetHints":{"allow":["GET"]}}],"collection":[{"href":"https:\/\/burkinaonline.net\/index.php?rest_route=\/wp\/v2\/posts"}],"about":[{"href":"https:\/\/burkinaonline.net\/index.php?rest_route=\/wp\/v2\/types\/post"}],"author":[{"embeddable":true,"href":"https:\/\/burkinaonline.net\/index.php?rest_route=\/wp\/v2\/users\/1"}],"replies":[{"embeddable":true,"href":"https:\/\/burkinaonline.net\/index.php?rest_route=%2Fwp%2Fv2%2Fcomments&post=7076"}],"version-history":[{"count":1,"href":"https:\/\/burkinaonline.net\/index.php?rest_route=\/wp\/v2\/posts\/7076\/revisions"}],"predecessor-version":[{"id":7078,"href":"https:\/\/burkinaonline.net\/index.php?rest_route=\/wp\/v2\/posts\/7076\/revisions\/7078"}],"wp:featuredmedia":[{"embeddable":true,"href":"https:\/\/burkinaonline.net\/index.php?rest_route=\/wp\/v2\/media\/7077"}],"wp:attachment":[{"href":"https:\/\/burkinaonline.net\/index.php?rest_route=%2Fwp%2Fv2%2Fmedia&parent=7076"}],"wp:term":[{"taxonomy":"category","embeddable":true,"href":"https:\/\/burkinaonline.net\/index.php?rest_route=%2Fwp%2Fv2%2Fcategories&post=7076"},{"taxonomy":"post_tag","embeddable":true,"href":"https:\/\/burkinaonline.net\/index.php?rest_route=%2Fwp%2Fv2%2Ftags&post=7076"}],"curies":[{"name":"wp","href":"https:\/\/api.w.org\/{rel}","templated":true}]}}