{"id":7079,"date":"2023-12-20T11:08:43","date_gmt":"2023-12-20T11:08:43","guid":{"rendered":"https:\/\/burkinaonline.net\/?p=7079"},"modified":"2023-12-20T11:08:43","modified_gmt":"2023-12-20T11:08:43","slug":"cyclisme-paul-daumont-va-mieux","status":"publish","type":"post","link":"https:\/\/burkinaonline.net\/?p=7079","title":{"rendered":"cyclisme : Paul Daumont va mieux"},"content":{"rendered":"<p>Ouagadougou, 20 d\u00e9c. (AIB)-Le cycliste burkinab\u00e8 Paul Daumont a annonc\u00e9 sur sa page Facebook que tout se passe bien apr\u00e8s son accident de circulation la semaine pass\u00e9e.<\/p>\n<p>\u00ab\u00a0Je fais ce post pour vous remercier de tous les messages de soutien et de prompt r\u00e9tablissement que j\u2019ai re\u00e7u sur les r\u00e9seaux sociaux depuis mon accident la semaine pass\u00e9e. J\u2019ai subi une intervention chirurgicale \u00e0 la rotule droite qui s\u2019est bien d\u00e9roul\u00e9e, et apr\u00e8s une p\u00e9riode de repos puis de r\u00e9\u00e9ducation, je devrais \u00eatre de retour sur le v\u00e9lo tr\u00e8s prochainement\u00a0\u00bb, a \u00e9crit le vainqueur du dernier Tour du Faso.<\/p>\n<p>Il a \u00e9galement remerci\u00e9 sa famille et ses proches \u00ab\u00a0qui sont rest\u00e9s pr\u00e8s de moi dans cette difficult\u00e9, merci \u00e9galement \u00e0 mon chirurgien (qui a pr\u00e9f\u00e9r\u00e9 garder l\u2019anonymat) qui a fais un boulot formidable\u00a0\u00bb<br \/>\nAgence d&rsquo;information du Burkina<br \/>\nAs\/ata<\/p>\n","protected":false},"excerpt":{"rendered":"<p>Ouagadougou, 20 d\u00e9c. (AIB)-Le cycliste burkinab\u00e8 Paul Daumont a annonc\u00e9 sur sa page Facebook que&#8230;<\/p>\n","protected":false},"author":1,"featured_media":7080,"comment_status":"open","ping_status":"open","sticky":false,"template":"","format":"standard","meta":{"footnotes":""},"categories":[10,16],"tags":[],"class_list":["post-7079","post","type-post","status-publish","format-standard","has-post-thumbnail","hentry","category-burkina-faso","category-sport"],"_links":{"self":[{"href":"https:\/\/burkinaonline.net\/index.php?rest_route=\/wp\/v2\/posts\/7079","targetHints":{"allow":["GET"]}}],"collection":[{"href":"https:\/\/burkinaonline.net\/index.php?rest_route=\/wp\/v2\/posts"}],"about":[{"href":"https:\/\/burkinaonline.net\/index.php?rest_route=\/wp\/v2\/types\/post"}],"author":[{"embeddable":true,"href":"https:\/\/burkinaonline.net\/index.php?rest_route=\/wp\/v2\/users\/1"}],"replies":[{"embeddable":true,"href":"https:\/\/burkinaonline.net\/index.php?rest_route=%2Fwp%2Fv2%2Fcomments&post=7079"}],"version-history":[{"count":1,"href":"https:\/\/burkinaonline.net\/index.php?rest_route=\/wp\/v2\/posts\/7079\/revisions"}],"predecessor-version":[{"id":7081,"href":"https:\/\/burkinaonline.net\/index.php?rest_route=\/wp\/v2\/posts\/7079\/revisions\/7081"}],"wp:featuredmedia":[{"embeddable":true,"href":"https:\/\/burkinaonline.net\/index.php?rest_route=\/wp\/v2\/media\/7080"}],"wp:attachment":[{"href":"https:\/\/burkinaonline.net\/index.php?rest_route=%2Fwp%2Fv2%2Fmedia&parent=7079"}],"wp:term":[{"taxonomy":"category","embeddable":true,"href":"https:\/\/burkinaonline.net\/index.php?rest_route=%2Fwp%2Fv2%2Fcategories&post=7079"},{"taxonomy":"post_tag","embeddable":true,"href":"https:\/\/burkinaonline.net\/index.php?rest_route=%2Fwp%2Fv2%2Ftags&post=7079"}],"curies":[{"name":"wp","href":"https:\/\/api.w.org\/{rel}","templated":true}]}}