{"id":7088,"date":"2023-12-22T10:01:20","date_gmt":"2023-12-22T10:01:20","guid":{"rendered":"https:\/\/burkinaonline.net\/?p=7088"},"modified":"2023-12-22T10:01:20","modified_gmt":"2023-12-22T10:01:20","slug":"%f0%9f%94%b4-france-%f0%9f%87%ab%f0%9f%87%b7-justice-la-france-annule-le-decret-dextradition-de-francois-compaore-%f0%9f%87%a7%f0%9f%87%ab","status":"publish","type":"post","link":"https:\/\/burkinaonline.net\/?p=7088","title":{"rendered":"\ud83d\udd34 #France \ud83c\uddeb\ud83c\uddf7 &#8211; #Justice : La France annule le d\u00e9cret d&rsquo;extradition de Fran\u00e7ois Compaor\u00e9 \ud83c\udde7\ud83c\uddeb"},"content":{"rendered":"<p>Paris, France<\/p>\n<p>La France a annul\u00e9 le d\u00e9cret minist\u00e9riel autorisant en 2020 l&rsquo;extradition du fr\u00e8re de l&rsquo;ancien pr\u00e9sident Blaise Compaor\u00e9, Paul Fran\u00e7ois Compaor\u00e9, vers le Burkina Faso, o\u00f9 il est accus\u00e9 de l&rsquo;assa&rsquo;ssinat d&rsquo;un journaliste en 1998, a-t-on appris jeudi de source judiciaire.<\/p>\n<p>\u00ab\u00a0Le d\u00e9cret a \u00e9t\u00e9 abrog\u00e9 le 13 d\u00e9cembre\u00a0\u00bb, a annonc\u00e9 le pr\u00e9sident de la chambre des extraditions de la cour d&rsquo;appel de Paris lors d&rsquo;une audience mercredi sur la lev\u00e9e du contr\u00f4le judiciaire de M. Compaor\u00e9 prononc\u00e9 en 2017 dans le cadre de la proc\u00e9dure d&rsquo;extradition.<\/p>\n<p>L&rsquo;abrogation de l&rsquo;extradition de M. Compaor\u00e9 est \u00ab\u00a0intervenue \u00e0 la suite de l&rsquo;arr\u00eat de la CEDH (Cour europ\u00e9enne des droits de l&rsquo;homme) du 7 septembre 2023 qui a conclu \u00e0 la violation de l&rsquo;article 3 en cas d&rsquo;extradition du requ\u00e9rant vers le Burkina Faso\u00a0\u00bb, a r\u00e9sum\u00e9 le minist\u00e8re fran\u00e7ais de la Justice. Cet article de la Convention europ\u00e9enne des droits de l&rsquo;Homme interdit la torture, ainsi que des peines ou des traitements in&rsquo;humains ou d\u00e9gradants.<\/p>\n<p>Le d\u00e9cret d&rsquo;abrogation, sign\u00e9 par la Premi\u00e8re ministre, Elisabeth Borne, est un acte rare, ont relev\u00e9 deux sources proches du dossier.<\/p>\n<p>Paul Fran\u00e7ois Compaor\u00e9, fr\u00e8re cadet de l&rsquo;ancien pr\u00e9sident burkinab\u00e8 (1991-2014) et l&rsquo;un de ses proches conseillers, est poursuivi au Burkina Faso pour l&rsquo;ass\u00a0\u00bbassinat du journaliste d&rsquo;investigation Norbert Zongo et de trois hommes qui l&rsquo;accompagnaient, le 13 d\u00e9cembre 1998.<\/p>\n<p>Il avait \u00e9t\u00e9 arr\u00eat\u00e9 le 29 octobre 2017 \u00e0 l&rsquo;a\u00e9roport de Roissy, pr\u00e8s de Paris, en ex\u00e9cution d&rsquo;un mandat d&rsquo;arr\u00eat international lanc\u00e9 par Ouagadougou.<\/p>\n<p>Le Burkina avait r\u00e9clam\u00e9 \u00e0 la France son extradition, assurant par la suite que m\u00eame si M. Compaor\u00e9 \u00e9tait condamn\u00e9 \u00e0 mort par un tribunal ind\u00e9pendant, la peine ne serait pas mise \u00e0 ex\u00e9cution.<\/p>\n<p>Remis en libert\u00e9 sous contr\u00f4le judiciaire le 30 octobre 2017, M. Compaor\u00e9, qui vit en France, a multipli\u00e9 les recours.<\/p>\n<p>La justice avait autoris\u00e9 son extradition d\u00e8s 2018, puis un d\u00e9cret minist\u00e9riel avait \u00e9t\u00e9 sign\u00e9 en 2020, valid\u00e9 l&rsquo;ann\u00e9e suivante par le Conseil d&rsquo;Etat (plus haute instance juridique administrative fran\u00e7aise). Mais la CEDH, saisie par la d\u00e9fense de M. Compaor\u00e9, a estim\u00e9 le 7 septembre que la France devait r\u00e9examiner ce d\u00e9cret.<\/p>\n<p>\u00ab\u00a0Le contexte a chang\u00e9\u00a0\u00bb, a relev\u00e9 le pr\u00e9sident de la chambre des extraditions, faisant allusion aux deux co&rsquo;ups d&rsquo;Etat successifs qu&rsquo;a connus le pays en 2022.<\/p>\n<p>V\u00eatu d&rsquo;un costume bleu marine, Paul Fran\u00e7ois Compaor\u00e9 n&rsquo;a pas souhait\u00e9 s&rsquo;exprimer lors de cette br\u00e8ve audience.<\/p>\n<p>\u00ab\u00a0M. Compaor\u00e9 n&rsquo;a eu de cesse de contester son extradition\u00a0\u00bb qui comportait \u00ab\u00a0des ris&rsquo;ques graves pour ses droits fondamentaux\u00a0\u00bb, a rappel\u00e9 son avocate, Me Clara G\u00e9rard-Rodriguez.<\/p>\n<p>\u00ab\u00a0Il n&rsquo;a plus aucune proc\u00e9dure en cours\u00a0\u00bb et rien ne justifie son placement sous contr\u00f4le judiciaire, a-t-elle ajout\u00e9.<\/p>\n<p>Les relations entre la France et le Burkina se sont consid\u00e9rablement d\u00e9grad\u00e9es depuis l&rsquo;arriv\u00e9e au pouvoir en septembre 2022 par un c&rsquo;oup d&rsquo;Etat du capitaine Ibrahim Traor\u00e9.<\/p>\n<p>mk\/jpa\/bfa\/bow\/cm<\/p>\n<p>\u00a9\ufe0f Agence France-Presse<br \/>\n#FreshBurkina<\/p>\n","protected":false},"excerpt":{"rendered":"<p>Paris, France La France a annul\u00e9 le d\u00e9cret minist\u00e9riel autorisant en 2020 l&rsquo;extradition du fr\u00e8re&#8230;<\/p>\n","protected":false},"author":1,"featured_media":7089,"comment_status":"open","ping_status":"open","sticky":false,"template":"","format":"standard","meta":{"footnotes":""},"categories":[8,13],"tags":[],"class_list":["post-7088","post","type-post","status-publish","format-standard","has-post-thumbnail","hentry","category-post","category-societe"],"_links":{"self":[{"href":"https:\/\/burkinaonline.net\/index.php?rest_route=\/wp\/v2\/posts\/7088","targetHints":{"allow":["GET"]}}],"collection":[{"href":"https:\/\/burkinaonline.net\/index.php?rest_route=\/wp\/v2\/posts"}],"about":[{"href":"https:\/\/burkinaonline.net\/index.php?rest_route=\/wp\/v2\/types\/post"}],"author":[{"embeddable":true,"href":"https:\/\/burkinaonline.net\/index.php?rest_route=\/wp\/v2\/users\/1"}],"replies":[{"embeddable":true,"href":"https:\/\/burkinaonline.net\/index.php?rest_route=%2Fwp%2Fv2%2Fcomments&post=7088"}],"version-history":[{"count":1,"href":"https:\/\/burkinaonline.net\/index.php?rest_route=\/wp\/v2\/posts\/7088\/revisions"}],"predecessor-version":[{"id":7090,"href":"https:\/\/burkinaonline.net\/index.php?rest_route=\/wp\/v2\/posts\/7088\/revisions\/7090"}],"wp:featuredmedia":[{"embeddable":true,"href":"https:\/\/burkinaonline.net\/index.php?rest_route=\/wp\/v2\/media\/7089"}],"wp:attachment":[{"href":"https:\/\/burkinaonline.net\/index.php?rest_route=%2Fwp%2Fv2%2Fmedia&parent=7088"}],"wp:term":[{"taxonomy":"category","embeddable":true,"href":"https:\/\/burkinaonline.net\/index.php?rest_route=%2Fwp%2Fv2%2Fcategories&post=7088"},{"taxonomy":"post_tag","embeddable":true,"href":"https:\/\/burkinaonline.net\/index.php?rest_route=%2Fwp%2Fv2%2Ftags&post=7088"}],"curies":[{"name":"wp","href":"https:\/\/api.w.org\/{rel}","templated":true}]}}