{"id":7103,"date":"2023-12-27T09:06:11","date_gmt":"2023-12-27T09:06:11","guid":{"rendered":"https:\/\/burkinaonline.net\/?p=7103"},"modified":"2023-12-27T09:06:11","modified_gmt":"2023-12-27T09:06:11","slug":"%f0%9f%94%b4-diplomatie-le-ministre-des-affaires-etrangeres-du-niger-recu-par-son-homologue-algerien-a-alger","status":"publish","type":"post","link":"https:\/\/burkinaonline.net\/?p=7103","title":{"rendered":"\ud83d\udd34 #Diplomatie: Le ministre des Affaires \u00e9trang\u00e8res du Niger re\u00e7u par son homologue alg\u00e9rien \u00e0 Alger"},"content":{"rendered":"<p>Le ministre des Affaires \u00e9trang\u00e8res du Niger, Yaou Bakary Sangar\u00e9, a \u00e9t\u00e9 re\u00e7u \u00e0 Alger par son homologue alg\u00e9rien, Ahmed Attaf, ce 26 d\u00e9cembre 2023. Dans une d\u00e9claration \u00e0 la presse, \u00e0 l\u2019issue de leur entretien, le ministre des Affaires \u00e9trang\u00e8res du Niger se f\u00e9licite de la qualit\u00e9 des relations avec l\u2019Alg\u00e9rie.<\/p>\n<p>Le ministre Bakary Sangar\u00e9 a \u00e9voqu\u00e9 la coop\u00e9ration entre les deux pays et les possibilit\u00e9s de son renforcement, notant que les deux parties ont abord\u00e9, lors de leur entretien, un certain nombre de projets communs. Il s\u2019agit principalement du projet de la transsaharienne, destin\u00e9 \u00e0 d\u00e9senclaver un certain nombre de pays africains et qui devrait faciliter les \u00e9changes \u00e0 l\u2019\u00e9chelle continentale.<br \/>\nPar ailleurs, les deux ministres ont pass\u00e9 en revue les d\u00e9veloppements de la situation dans la r\u00e9gion, notamment la crise au Niger, d&rsquo;autant que le ministre nig\u00e9rien a salu\u00e9 le r\u00f4le de l&rsquo;Alg\u00e9rie dans le soutien \u00e0 son pays pour sortir de la crise actuelle.<\/p>\n<p>Ndlr : Ce qui importe, ce sont les int\u00e9r\u00eats des pays, rien que les int\u00e9r\u00eats des pays pris individuellement. Tout le reste n&rsquo;est que politique politicienne.<\/p>\n<p>Souleymane Ouedraogo<br \/>\n#BurkinaOnline<\/p>\n","protected":false},"excerpt":{"rendered":"<p>Le ministre des Affaires \u00e9trang\u00e8res du Niger, Yaou Bakary Sangar\u00e9, a \u00e9t\u00e9 re\u00e7u \u00e0 Alger&#8230;<\/p>\n","protected":false},"author":1,"featured_media":7104,"comment_status":"open","ping_status":"open","sticky":false,"template":"","format":"standard","meta":{"footnotes":""},"categories":[8,18,11],"tags":[],"class_list":["post-7103","post","type-post","status-publish","format-standard","has-post-thumbnail","hentry","category-post","category-international","category-politique"],"_links":{"self":[{"href":"https:\/\/burkinaonline.net\/index.php?rest_route=\/wp\/v2\/posts\/7103","targetHints":{"allow":["GET"]}}],"collection":[{"href":"https:\/\/burkinaonline.net\/index.php?rest_route=\/wp\/v2\/posts"}],"about":[{"href":"https:\/\/burkinaonline.net\/index.php?rest_route=\/wp\/v2\/types\/post"}],"author":[{"embeddable":true,"href":"https:\/\/burkinaonline.net\/index.php?rest_route=\/wp\/v2\/users\/1"}],"replies":[{"embeddable":true,"href":"https:\/\/burkinaonline.net\/index.php?rest_route=%2Fwp%2Fv2%2Fcomments&post=7103"}],"version-history":[{"count":1,"href":"https:\/\/burkinaonline.net\/index.php?rest_route=\/wp\/v2\/posts\/7103\/revisions"}],"predecessor-version":[{"id":7105,"href":"https:\/\/burkinaonline.net\/index.php?rest_route=\/wp\/v2\/posts\/7103\/revisions\/7105"}],"wp:featuredmedia":[{"embeddable":true,"href":"https:\/\/burkinaonline.net\/index.php?rest_route=\/wp\/v2\/media\/7104"}],"wp:attachment":[{"href":"https:\/\/burkinaonline.net\/index.php?rest_route=%2Fwp%2Fv2%2Fmedia&parent=7103"}],"wp:term":[{"taxonomy":"category","embeddable":true,"href":"https:\/\/burkinaonline.net\/index.php?rest_route=%2Fwp%2Fv2%2Fcategories&post=7103"},{"taxonomy":"post_tag","embeddable":true,"href":"https:\/\/burkinaonline.net\/index.php?rest_route=%2Fwp%2Fv2%2Ftags&post=7103"}],"curies":[{"name":"wp","href":"https:\/\/api.w.org\/{rel}","templated":true}]}}