{"id":7148,"date":"2024-01-09T14:18:03","date_gmt":"2024-01-09T14:18:03","guid":{"rendered":"https:\/\/burkinaonline.net\/?p=7148"},"modified":"2024-01-09T14:18:03","modified_gmt":"2024-01-09T14:18:03","slug":"%f0%9f%94%b4-portrait-qui-est-gabriel-attal-le-nouveau-premier-ministre-francais","status":"publish","type":"post","link":"https:\/\/burkinaonline.net\/?p=7148","title":{"rendered":"\ud83d\udd34 #Portrait : Qui est Gabriel Attal, le nouveau Premier ministre fran\u00e7ais?"},"content":{"rendered":"<p>Gabriel Attal prend la rel\u00e8ve d\u2019Elisabeth Borne. \u00c0 34 ans, l\u2019actuel ministre de l\u2019\u00e9ducation nationale devient le plus jeune Premier ministre sous la Ve R\u00e9publique. Une ascension \u00e9clair pour l\u2019ancien militant au parti socialiste qui encha\u00eene les records depuis le d\u00e9but de sa carri\u00e8re : il est devenu \u00e0 29 ans le plus jeune membre d\u2019un gouvernement, puis \u00e0 34 ans le plus jeune ministre de l\u2019Education nationale.<\/p>\n<p>Le nouvel occupant de Matignon a rejoint les rangs d\u2019Emmanuel Macron en 2016. Sous les couleurs de La R\u00e9publique en marche (LREM), renomm\u00e9e depuis Renaissance, il est \u00e9lu d\u00e9put\u00e9 pour la premi\u00e8re fois dans la 10e circonscription des Hauts-de-Seine en 2017 et devient membre de la commission des affaires culturelles et de l\u2019\u00e9ducation \u00e0 l\u2019Assembl\u00e9e nationale. En janvier 2018, le dipl\u00f4m\u00e9 de Sciences-Po Paris d\u00e9croche le graal : il est nomm\u00e9 porte-parole de LREM.<\/p>\n<p>La m\u00eame ann\u00e9e, en 2018, le fid\u00e8le d\u2019Emmanuel Macron, issu de la mouvance des jeunes soutiens de Dominique Strauss-Kahn, fait ses premiers pas au sein du gouvernement d\u2019Edouard Philippe. Il est nomm\u00e9 secr\u00e9taire d\u2019Etat aux c\u00f4t\u00e9s de Jean-Michel Blanquer, ministre de l&rsquo;\u00c9ducation nationale et de la Jeunesse. Le politique qui a fait ses d\u00e9buts aux c\u00f4t\u00e9s de Marisol Touraine &#8211; il est charg\u00e9 de l\u2019\u00e9criture des discours de la ministre de la Sant\u00e9 de 2012 \u00e0 2017- devient ensuite porte-parole du gouvernement de Jean Castex en 2020. Il occupe ce poste jusqu\u2019en 2022.<\/p>\n<p>Ni \u00e0 droite ni \u00e0 gauche<br \/>\nApr\u00e8s la r\u00e9\u00e9lection d&rsquo;Emmanuel Macron en 2022, Gabriel Attal ne perd pas sa place au gouvernement, au contraire, il prend du galon : il est nomm\u00e9 ministre d\u00e9l\u00e9gu\u00e9 charg\u00e9 des Comptes publics au sein du gouvernement d&rsquo;Elisabeth Borne, fra\u00eechement arriv\u00e9e \u00e0 Matignon. Le politique laisse de c\u00f4t\u00e9 son nouveau mandat de d\u00e9put\u00e9 de la 10e circonscription des Hauts-de-Seine pour se concentrer sur ses fonctions au gouvernement. En juillet 2023, il succ\u00e8de \u00e0 Pap Ndiaye au poste de ministre de l\u2019Education, plein d\u2019ambition : le jeune ministre veut r\u00e9former l\u2019\u00e9cole de la R\u00e9publique, les programmes scolaires, le brevet, le redoublement, le nombre de postes, le tout pour redresser le niveau des \u00e9l\u00e8ves.<\/p>\n<p>N\u00e9 en 1989 \u00e0 Clamart (Hauts-de-Seine), d\u2019un p\u00e8re producteur de cin\u00e9ma, Yves Attal, le nouveau Premier ministre devrait prochainement proposer \u00e0 Emmanuel Macron les noms des membres de son gouvernement. Celui qui a fait ses armes \u00e0 gauche devra continuer \u00e0 l\u00e9gif\u00e9rer malgr\u00e9 une majorit\u00e9 plus que relative \u00e0 l\u2019Assembl\u00e9e nationale. Une situation que conna\u00eet bien l\u2019actuelle Premi\u00e8re ministre, Elisabeth Borne, qui a us\u00e9 plus d\u2019une fois de l\u2019article 49.3 pour faire passer ses textes malgr\u00e9 le manque de majorit\u00e9 au sein des d\u00e9put\u00e9s.<\/p>\n<p>Gabriel Attal, r\u00e9put\u00e9 pour sa repartie piquante est appr\u00e9ci\u00e9 \u00e0 droite et notamment de Nicolas Sarkozy. Le prot\u00e9g\u00e9 d\u2019Emmanuel Macron revendique ainsi s\u2019inscrire ni \u00e0 droite, ni \u00e0 gauche et se reconna\u00eet dans ce que d\u00e9fendait le Pr\u00e9sident de la R\u00e9publique en 2017, la politique du \u00aben m\u00eame temps\u00bb. \u00abJe viens du PS, mais je ne me suis jamais positionn\u00e9 \u00e0 l\u2019aile gauche de la majorit\u00e9. Je crois au d\u00e9passement politique permis par Emmanuel Macron. C\u2019est de cet espace central que je me revendique\u00bb, affirmait le nouveau chef du gouvernement en novembre 2022 dans les colonnes du Parisien.<\/p>\n<p>Capital.fr<br \/>\n#BurkinaOnline<\/p>\n","protected":false},"excerpt":{"rendered":"<p>Gabriel Attal prend la rel\u00e8ve d\u2019Elisabeth Borne. \u00c0 34 ans, l\u2019actuel ministre de l\u2019\u00e9ducation nationale&#8230;<\/p>\n","protected":false},"author":1,"featured_media":7149,"comment_status":"open","ping_status":"open","sticky":false,"template":"","format":"standard","meta":{"footnotes":""},"categories":[8,18],"tags":[],"class_list":["post-7148","post","type-post","status-publish","format-standard","has-post-thumbnail","hentry","category-post","category-international"],"_links":{"self":[{"href":"https:\/\/burkinaonline.net\/index.php?rest_route=\/wp\/v2\/posts\/7148","targetHints":{"allow":["GET"]}}],"collection":[{"href":"https:\/\/burkinaonline.net\/index.php?rest_route=\/wp\/v2\/posts"}],"about":[{"href":"https:\/\/burkinaonline.net\/index.php?rest_route=\/wp\/v2\/types\/post"}],"author":[{"embeddable":true,"href":"https:\/\/burkinaonline.net\/index.php?rest_route=\/wp\/v2\/users\/1"}],"replies":[{"embeddable":true,"href":"https:\/\/burkinaonline.net\/index.php?rest_route=%2Fwp%2Fv2%2Fcomments&post=7148"}],"version-history":[{"count":1,"href":"https:\/\/burkinaonline.net\/index.php?rest_route=\/wp\/v2\/posts\/7148\/revisions"}],"predecessor-version":[{"id":7150,"href":"https:\/\/burkinaonline.net\/index.php?rest_route=\/wp\/v2\/posts\/7148\/revisions\/7150"}],"wp:featuredmedia":[{"embeddable":true,"href":"https:\/\/burkinaonline.net\/index.php?rest_route=\/wp\/v2\/media\/7149"}],"wp:attachment":[{"href":"https:\/\/burkinaonline.net\/index.php?rest_route=%2Fwp%2Fv2%2Fmedia&parent=7148"}],"wp:term":[{"taxonomy":"category","embeddable":true,"href":"https:\/\/burkinaonline.net\/index.php?rest_route=%2Fwp%2Fv2%2Fcategories&post=7148"},{"taxonomy":"post_tag","embeddable":true,"href":"https:\/\/burkinaonline.net\/index.php?rest_route=%2Fwp%2Fv2%2Ftags&post=7148"}],"curies":[{"name":"wp","href":"https:\/\/api.w.org\/{rel}","templated":true}]}}