{"id":7159,"date":"2024-01-17T14:18:12","date_gmt":"2024-01-17T14:18:12","guid":{"rendered":"https:\/\/burkinaonline.net\/?p=7159"},"modified":"2024-01-17T14:18:12","modified_gmt":"2024-01-17T14:18:12","slug":"burkina-aucune-echappatoire-pour-les-terroristes-ni-dans-la-zone-des-trois-frontieres-ni-ailleurs-actualisee-a-20h40","status":"publish","type":"post","link":"https:\/\/burkinaonline.net\/?p=7159","title":{"rendered":"Burkina : Aucune \u00e9chappatoire pour les terroristes ni dans la zone des trois fronti\u00e8res ni ailleurs (actualis\u00e9e \u00e0 20h40)"},"content":{"rendered":"<p>Ouagadougou, 16 janv. 2024 (AIB) &#8211; La zone des trois fronti\u00e8res, les localit\u00e9s de Mordaaga (Pissila) et de Bokuy (Djibasso) ont \u00e9t\u00e9 d\u00e9barrass\u00e9es ces derni\u00e8res heures de plusieurs terroristes, gr\u00e2ce aux frappes appuy\u00e9es de la flotte de l\u2019arm\u00e9e burkinab\u00e8, a appris l\u2019AIB mardi aupr\u00e8s de sources s\u00e9curitaires.<\/p>\n<p>Pris en tenaille depuis 48h par les vecteurs a\u00e9riens dans la zone des trois fronti\u00e8res, les terroristes cherchent des \u00e9chappatoires pour sauver leurs peaux.<\/p>\n<p>C\u2019est ainsi que dans la nuit du 14 au 15 janvier 2024, des criminels sont venus recouvrir de branches un v\u00e9hicule endommag\u00e9 sur la route de Boulkessi au Mali. Ils esp\u00e9raient par la suite le r\u00e9parer pour s&rsquo;en tirer.<\/p>\n<p>Mais les pilotes ont compl\u00e8tement d\u00e9truit le v\u00e9hicule dans une frappe et se sont remis en position d\u2019observation. Pris de court, une colonne de terroristes file \u00e0 toute vitesse vers la r\u00e9gion du Centre-nord dans la matin\u00e9e du 15 janvier 2024.<\/p>\n<p>Ils s\u2019installent dans les bois de Mordaaga pr\u00e8s de la commune de Pissila. Les bandits essaient de s\u2019organiser apr\u00e8s l\u2019enfer subi dans la zone des trois fronti\u00e8res.<\/p>\n<p>Apr\u00e8s des heures d\u2019observations, les vecteurs a\u00e9riens entrent en action aux environs de 16h.<\/p>\n<p>Un premier missile enflamme un groupe de terroristes avec leurs logistiques. L\u2019unit\u00e9 gu\u00e9pard lance un assaut sur la zone pour achever le travail. Quelques armes et motos sont encore en \u00e9tat d\u2019\u00eatre utilis\u00e9s. Le reste br\u00fble dans les flammes.<\/p>\n<p>Outre la zone des trois fronti\u00e8res et le Centre-nord, la flotte de l\u2019arm\u00e9e burkinab\u00e8 a op\u00e9r\u00e9 le 16 janvier 2024 dans la Boucle du Mouhoun.<br \/>\nEn effet, les recherches ont permis de d\u00e9couvrir une base terroriste dans la zone de Bokuy \u00e0 12 km de Djibasso.<\/p>\n<p>Les criminels y sont effectivement sur motos et \u00e0 pied en train de vaquer \u00e0 leurs occupations.<\/p>\n<p>La patience est de rigueur comme d\u2019habitude. C\u2019est au moment o\u00f9 les tueurs se rendent prestement sous un arbre pour recevoir des consignes qu\u2019une boule de feu les consume en milieu de journ\u00e9e.<\/p>\n<p>Des rescap\u00e9s qui montaient la garde prennent la fuite, mais ils sont suivis.<\/p>\n<p>Des combattants terroristes semblent toujours n\u2019avoir pas compris le message : \u00ab D\u00e9posez les armes ou p\u00e9rissez. Il n\u2019y aura aucune cachette ni aucune \u00e9chappatoire \u00bb.<\/p>\n<p>Mais la suite des op\u00e9rations va forc\u00e9ment les ramener \u00e0 la raison, avancent les sources de l\u2019AIB.<br \/>\nAgence d\u2019information du Burkina<\/p>\n<p>&nbsp;<\/p>\n<p><a href=\"http:\/\/burkinaonline.net\/wp-content\/uploads\/2024\/01\/IMG_1090.jpeg\"><img fetchpriority=\"high\" decoding=\"async\" class=\"alignnone size-medium wp-image-7161\" src=\"http:\/\/burkinaonline.net\/wp-content\/uploads\/2024\/01\/IMG_1090-300x169.jpeg\" alt=\"\" width=\"300\" height=\"169\" srcset=\"https:\/\/burkinaonline.net\/wp-content\/uploads\/2024\/01\/IMG_1090-300x169.jpeg 300w, https:\/\/burkinaonline.net\/wp-content\/uploads\/2024\/01\/IMG_1090-768x433.jpeg 768w, https:\/\/burkinaonline.net\/wp-content\/uploads\/2024\/01\/IMG_1090.jpeg 1000w\" sizes=\"(max-width: 300px) 100vw, 300px\" \/><\/a> <a href=\"http:\/\/burkinaonline.net\/wp-content\/uploads\/2024\/01\/IMG_1089-1.jpeg\"><img decoding=\"async\" class=\"alignnone size-medium wp-image-7162\" src=\"http:\/\/burkinaonline.net\/wp-content\/uploads\/2024\/01\/IMG_1089-1-300x169.jpeg\" alt=\"\" width=\"300\" height=\"169\" srcset=\"https:\/\/burkinaonline.net\/wp-content\/uploads\/2024\/01\/IMG_1089-1-300x169.jpeg 300w, https:\/\/burkinaonline.net\/wp-content\/uploads\/2024\/01\/IMG_1089-1-768x433.jpeg 768w, https:\/\/burkinaonline.net\/wp-content\/uploads\/2024\/01\/IMG_1089-1.jpeg 1000w\" sizes=\"(max-width: 300px) 100vw, 300px\" \/><\/a> <a href=\"http:\/\/burkinaonline.net\/wp-content\/uploads\/2024\/01\/IMG_1088.jpeg\"><img decoding=\"async\" class=\"alignnone size-medium wp-image-7163\" src=\"http:\/\/burkinaonline.net\/wp-content\/uploads\/2024\/01\/IMG_1088-300x169.jpeg\" alt=\"\" width=\"300\" height=\"169\" srcset=\"https:\/\/burkinaonline.net\/wp-content\/uploads\/2024\/01\/IMG_1088-300x169.jpeg 300w, https:\/\/burkinaonline.net\/wp-content\/uploads\/2024\/01\/IMG_1088-768x433.jpeg 768w, https:\/\/burkinaonline.net\/wp-content\/uploads\/2024\/01\/IMG_1088.jpeg 1000w\" sizes=\"(max-width: 300px) 100vw, 300px\" \/><\/a><\/p>\n<blockquote class=\"wp-embedded-content\" data-secret=\"5E4DweOiQj\"><p><a href=\"https:\/\/www.aib.media\/burkina-aucune-echappatoire-pour-les-terroristes-ni-dans-la-zone-des-trois-frontieres-ni-ailleurs-actualisee-a-20h40\/\">Burkina : Aucune \u00e9chappatoire pour les terroristes ni dans la zone des trois fronti\u00e8res ni ailleurs (actualis\u00e9e \u00e0 20h40)<\/a><\/p><\/blockquote>\n<p><iframe class=\"wp-embedded-content\" sandbox=\"allow-scripts\" security=\"restricted\" style=\"position: absolute; visibility: hidden;\" title=\"\u00ab\u00a0Burkina : Aucune \u00e9chappatoire pour les terroristes ni dans la zone des trois fronti\u00e8res ni ailleurs (actualis\u00e9e \u00e0 20h40)\u00a0\u00bb &#8212; AIB - Agence d&#039;Information du Burkina\" src=\"https:\/\/www.aib.media\/burkina-aucune-echappatoire-pour-les-terroristes-ni-dans-la-zone-des-trois-frontieres-ni-ailleurs-actualisee-a-20h40\/embed\/#?secret=BsKqDAcd4j#?secret=5E4DweOiQj\" data-secret=\"5E4DweOiQj\" width=\"600\" height=\"338\" frameborder=\"0\" marginwidth=\"0\" marginheight=\"0\" scrolling=\"no\"><\/iframe><\/p>\n","protected":false},"excerpt":{"rendered":"<p>Ouagadougou, 16 janv. 2024 (AIB) &#8211; La zone des trois fronti\u00e8res, les localit\u00e9s de Mordaaga&#8230;<\/p>\n","protected":false},"author":1,"featured_media":7160,"comment_status":"open","ping_status":"open","sticky":false,"template":"","format":"standard","meta":{"footnotes":""},"categories":[8],"tags":[],"class_list":["post-7159","post","type-post","status-publish","format-standard","has-post-thumbnail","hentry","category-post"],"_links":{"self":[{"href":"https:\/\/burkinaonline.net\/index.php?rest_route=\/wp\/v2\/posts\/7159","targetHints":{"allow":["GET"]}}],"collection":[{"href":"https:\/\/burkinaonline.net\/index.php?rest_route=\/wp\/v2\/posts"}],"about":[{"href":"https:\/\/burkinaonline.net\/index.php?rest_route=\/wp\/v2\/types\/post"}],"author":[{"embeddable":true,"href":"https:\/\/burkinaonline.net\/index.php?rest_route=\/wp\/v2\/users\/1"}],"replies":[{"embeddable":true,"href":"https:\/\/burkinaonline.net\/index.php?rest_route=%2Fwp%2Fv2%2Fcomments&post=7159"}],"version-history":[{"count":1,"href":"https:\/\/burkinaonline.net\/index.php?rest_route=\/wp\/v2\/posts\/7159\/revisions"}],"predecessor-version":[{"id":7164,"href":"https:\/\/burkinaonline.net\/index.php?rest_route=\/wp\/v2\/posts\/7159\/revisions\/7164"}],"wp:featuredmedia":[{"embeddable":true,"href":"https:\/\/burkinaonline.net\/index.php?rest_route=\/wp\/v2\/media\/7160"}],"wp:attachment":[{"href":"https:\/\/burkinaonline.net\/index.php?rest_route=%2Fwp%2Fv2%2Fmedia&parent=7159"}],"wp:term":[{"taxonomy":"category","embeddable":true,"href":"https:\/\/burkinaonline.net\/index.php?rest_route=%2Fwp%2Fv2%2Fcategories&post=7159"},{"taxonomy":"post_tag","embeddable":true,"href":"https:\/\/burkinaonline.net\/index.php?rest_route=%2Fwp%2Fv2%2Ftags&post=7159"}],"curies":[{"name":"wp","href":"https:\/\/api.w.org\/{rel}","templated":true}]}}