{"id":7198,"date":"2024-01-23T06:13:22","date_gmt":"2024-01-23T06:13:22","guid":{"rendered":"https:\/\/burkinaonline.net\/?p=7198"},"modified":"2024-01-23T06:13:22","modified_gmt":"2024-01-23T06:13:22","slug":"le-qatar-a-secretement-envoye-15-millions-de-dollars-a-des-mouvements-islamistes-dans-le-nord-du-mali","status":"publish","type":"post","link":"https:\/\/burkinaonline.net\/?p=7198","title":{"rendered":"Le Qatar a secr\u00e8tement envoy\u00e9 15 millions de dollars \u00e0 des mouvements islamistes dans le nord du Mali"},"content":{"rendered":"<p class=\"p1\"><span class=\"s1\">La lettre du gouvernement qui a fait l&rsquo;objet d&rsquo;une fuite est \u00ab\u00a0le premier document \u00e0 impliquer directement l&rsquo;\u00e9mir du Qatar dans le financement du terrorisme\u00a0\u00bb<\/span><\/p>\n<p class=\"p1\"><span class=\"s1\">Le r\u00e9gime du Qatar a vers\u00e9 15 millions de dollars aux mouvements islamistes du nord du Mali et \u00e0 une entit\u00e9 du Sahel, selon un document qatari qui aurait fait l&rsquo;objet d&rsquo;une fuite. L&rsquo;Institut de recherche sur les m\u00e9dias du Moyen-Orient (MEMRI), bas\u00e9 \u00e0 Washington D.C., a traduit et publi\u00e9 le 29 novembre la lettre pr\u00e9sum\u00e9e du gouvernement qatari portant la mention \u00ab\u00a0Secret et urgent\u00a0\u00bb.\u00a0<\/span><\/p>\n<p class=\"p1\"><span class=\"s1\">Il y ajoute: \u00ab\u00a0Cette somme doit \u00eatre distribu\u00e9e en connaissance de cause par le service de s\u00e9curit\u00e9 de l&rsquo;\u00c9tat, repr\u00e9sent\u00e9 par M. Abdullah bin Hamad Al-Nue&rsquo;eimi, dans la section du soutien humanitaire.\u00a0Je souhaite informer Votre Excellence que, dans le cadre de la mise en \u0153uvre des directives estim\u00e9es, la somme de l&rsquo;aide en esp\u00e8ces, d&rsquo;un montant de 15 millions de dollars am\u00e9ricains, a \u00e9t\u00e9 remise au service de s\u00e9curit\u00e9 de l&rsquo;\u00c9tat repr\u00e9sent\u00e9 par M. Abdullah bin Hamad Al-Nue&rsquo;eimi\u00a0\u00bb.\u00a0<\/span><\/p>\n<p class=\"p1\"><span class=\"s1\">Pour Marc Eichinger, un ancien agent de renseignement fran\u00e7ais qui a beaucoup \u00e9crit sur le financement du terrorisme par le Qatar, \u00ab\u00a0ce document est plus important que les autres car, pour la premi\u00e8re fois, il prouve que l&rsquo;\u00e9mir est directement impliqu\u00e9 dans le financement du terrorisme. Il a personnellement donn\u00e9 l&rsquo;ordre de verser de l&rsquo;argent \u00e0 des personnes sur lesquelles il n&rsquo;a aucun contr\u00f4le. Ce financement a d\u00e9stabilis\u00e9 toute l&rsquo;Afrique de l&rsquo;Ouest pour satisfaire et provoquer une vague de migration sans pr\u00e9c\u00e9dent\u00a0\u00bb.<\/span><\/p>\n<p class=\"p1\"><span class=\"s1\">Ghanem Nuseibeh, l&rsquo;un des principaux experts du r\u00e9gime du Qatar et fondateur du cabinet Cornerstone Global Associates, bas\u00e9 \u00e0 Londres, confirme \u00e0 <\/span><span class=\"s2\">i24NEWS<\/span><span class=\"s1\">: \u00ab\u00a0Ces all\u00e9gations ne sont pas surprenantes car elles s&rsquo;inscrivent dans le cadre du financement et du soutien par le Qatar de groupes terroristes islamistes dans le monde entier. Cela correspond \u00e0 la politique \u00e9trang\u00e8re du Qatar qui, au cours des deux derni\u00e8res d\u00e9cennies, s&rsquo;est efforc\u00e9e de s&rsquo;aligner sur les islamistes locaux dans de nombreuses r\u00e9gions du monde\u00a0\u00bb.<\/span><\/p>\n<p class=\"p3\"><span class=\"s3\">\u00ab\u00a0Ces all\u00e9gations s&rsquo;inscrivent dans le cadre du financement et du soutien par le Qatar de groupes terroristes islamistes dans le monde entier\u00a0\u00bb<\/span><\/p>\n<p class=\"p1\"><span class=\"s1\">De nombreuses demandes de renseignements adress\u00e9es par <\/span><span class=\"s2\">i24NEWS<\/span><span class=\"s1\"> aux ambassades du Qatar \u00e0 Londres et \u00e0 Washington sont rest\u00e9es sans r\u00e9ponse.\u00a0<\/span><\/p>\n<p class=\"p1\"><span class=\"s1\">En 2012, un certain nombre de m\u00e9dias francophones avaient d\u00e9j\u00e0 rapport\u00e9 que le Qatar finan\u00e7ait les islamistes dans le nord du Mali.\u00a0<\/span><span class=\"s2\">Le Canard Enchain\u00e9<\/span><span class=\"s1\"> avait \u00e9crit un article intitul\u00e9 \u00ab\u00a0Notre ami le Qatar finance les islamistes du Mali\u00a0\u00bb, dans lequel une\u00a0source du renseignement militaire fran\u00e7ais d\u00e9clarait : \u00ab\u00a0Le MNLA [s\u00e9paratistes touaregs la\u00efques], Ansar Dine, li\u00e9 \u00e0 Al-Qa\u00efda, et le MUJAO [Mouvement pour l&rsquo;unicit\u00e9 et le djihad en Afrique de l&rsquo;Ouest] ont tous re\u00e7u de l&rsquo;argent de Doha\u00a0\u00bb.\u00a0<\/span><\/p>\n<p class=\"p1\"><span class=\"s1\">L&rsquo;ancien Premier ministre Cheikh Hamd ben Jassim Al-Thani (Habaj) fait depuis longtemps l&rsquo;objet d&rsquo;accusations diverses, allant de la corruption de journalistes \u00e0 l&rsquo;antis\u00e9mitisme.<\/span><\/p>\n<p class=\"p3\"><span class=\"s3\">\u00a0Ce petit pays du Golfe riche en p\u00e9trole chercherait \u00e0 utiliser son \u00e9norme richesse pour influencer les organisations de d\u00e9fense des droits de l&rsquo;homme<\/span><\/p>\n<p class=\"p1\"><span class=\"s1\">Doha a \u00e9galement \u00e9t\u00e9 confront\u00e9 \u00e0 des all\u00e9gations selon lesquelles ce petit pays du Golfe riche en p\u00e9trole chercherait \u00e0 utiliser son \u00e9norme richesse pour influencer les organisations de d\u00e9fense des droits de l&rsquo;homme, l&rsquo;ONU et les groupes de r\u00e9flexion afin qu&rsquo;ils publient des rapports \u00e9logieux sur le Qatar. En novembre, <\/span><span class=\"s2\">i24NEWS<\/span><span class=\"s1\"> a rapport\u00e9 qu&rsquo;un document qatari r\u00e9v\u00e9lait que Doha avait envoy\u00e9 3 millions d&rsquo;euros \u00e0 Human Rights Watch. HRW a ni\u00e9 avoir re\u00e7u de l&rsquo;argent du Qatar.<\/span><\/p>\n<p class=\"p1\"><span class=\"s1\">Les \u00c9tats-Unis, l&rsquo;Allemagne et Isra\u00ebl critiquent de plus en plus le r\u00f4le pr\u00e9sum\u00e9 du Qatar en tant qu&rsquo;\u00c9tat soutenant le terrorisme. Jeudi, Jack Bergman, membre du Congr\u00e8s am\u00e9ricain, a d\u00e9clar\u00e9 \u00e0 la Chambre des repr\u00e9sentants que \u00ab\u00a0le Qatar repr\u00e9sente la menace la plus grave et la plus profonde pour les int\u00e9r\u00eats de s\u00e9curit\u00e9 nationale des \u00c9tats-Unis au Moyen-Orient\u00a0\u00bb. M. Bergman a \u00e9galement reproch\u00e9 au r\u00e9seau <\/span><span class=\"s2\">Al Jazeera<\/span><span class=\"s1\">, propri\u00e9t\u00e9 du Qatar, de favoriser l&rsquo;id\u00e9ologie terroriste du Hamas.\u00a0\u00a0<\/span><\/p>\n<p class=\"p1\"><span class=\"s1\">Le plus grand journal allemand, <\/span><span class=\"s2\">Bild<\/span><span class=\"s1\">, a titr\u00e9 son article d&rsquo;octobre sur la visite de Tamim bin Hamad Al Thani, l&rsquo;\u00e9mir du Qatar : \u00ab\u00a0Scholz accueille le principal sponsor de la terreur\u00a0\u00bb. Le titre du <\/span><span class=\"s2\">Bild<\/span><span class=\"s1\"> aurait \u00e9t\u00e9 largement inimaginable avant le 7 octobre. Le pr\u00e9sident et fondateur de MEMRI, Yigal Carmon, a lui simplement d\u00e9clar\u00e9 : \u00ab\u00a0Le Qatar est le Hamas et le Hamas est le Qatar\u00a0\u00bb.<\/span><\/p>\n<p style=\"text-align: center;\">I24 News<\/p>\n","protected":false},"excerpt":{"rendered":"<p>La lettre du gouvernement qui a fait l&rsquo;objet d&rsquo;une fuite est \u00ab\u00a0le premier document \u00e0&#8230;<\/p>\n","protected":false},"author":1,"featured_media":7199,"comment_status":"open","ping_status":"open","sticky":false,"template":"","format":"standard","meta":{"footnotes":""},"categories":[8,18],"tags":[],"class_list":["post-7198","post","type-post","status-publish","format-standard","has-post-thumbnail","hentry","category-post","category-international"],"_links":{"self":[{"href":"https:\/\/burkinaonline.net\/index.php?rest_route=\/wp\/v2\/posts\/7198","targetHints":{"allow":["GET"]}}],"collection":[{"href":"https:\/\/burkinaonline.net\/index.php?rest_route=\/wp\/v2\/posts"}],"about":[{"href":"https:\/\/burkinaonline.net\/index.php?rest_route=\/wp\/v2\/types\/post"}],"author":[{"embeddable":true,"href":"https:\/\/burkinaonline.net\/index.php?rest_route=\/wp\/v2\/users\/1"}],"replies":[{"embeddable":true,"href":"https:\/\/burkinaonline.net\/index.php?rest_route=%2Fwp%2Fv2%2Fcomments&post=7198"}],"version-history":[{"count":1,"href":"https:\/\/burkinaonline.net\/index.php?rest_route=\/wp\/v2\/posts\/7198\/revisions"}],"predecessor-version":[{"id":7200,"href":"https:\/\/burkinaonline.net\/index.php?rest_route=\/wp\/v2\/posts\/7198\/revisions\/7200"}],"wp:featuredmedia":[{"embeddable":true,"href":"https:\/\/burkinaonline.net\/index.php?rest_route=\/wp\/v2\/media\/7199"}],"wp:attachment":[{"href":"https:\/\/burkinaonline.net\/index.php?rest_route=%2Fwp%2Fv2%2Fmedia&parent=7198"}],"wp:term":[{"taxonomy":"category","embeddable":true,"href":"https:\/\/burkinaonline.net\/index.php?rest_route=%2Fwp%2Fv2%2Fcategories&post=7198"},{"taxonomy":"post_tag","embeddable":true,"href":"https:\/\/burkinaonline.net\/index.php?rest_route=%2Fwp%2Fv2%2Ftags&post=7198"}],"curies":[{"name":"wp","href":"https:\/\/api.w.org\/{rel}","templated":true}]}}