{"id":7249,"date":"2024-03-05T16:00:00","date_gmt":"2024-03-05T16:00:00","guid":{"rendered":"https:\/\/burkinaonline.net\/?p=7249"},"modified":"2026-01-28T13:50:30","modified_gmt":"2026-01-28T13:50:30","slug":"panne-mondiale-de-facebook-ce-05-mars","status":"publish","type":"post","link":"https:\/\/burkinaonline.net\/?p=7249","title":{"rendered":"Panne mondiale de Facebook ce 05 mars"},"content":{"rendered":"<p class=\"p1\"><span class=\"s1\">Ce mardi 5 mars 2024, il n&rsquo;est plus possible d&rsquo;acc\u00e9der aux diff\u00e9rentes plateformes de Meta.<\/span><\/p>\n<p class=\"p1\"><span class=\"s1\">Depuis ce mardi 5 mars 2024, il n&rsquo;est plus possible d&rsquo;acc\u00e9der aux diff\u00e9rentes plateformes de Meta, notamment Facebook et Intagram, mais aussi Threads et Messenger, le r\u00e9seau social lanc\u00e9 l&rsquo;\u00e9t\u00e9 dernier en r\u00e9ponse \u00e0 X (anciennement Twitter).<\/span><\/p>\n<p class=\"p3\"><span class=\"s2\">Une panne touchant Meta en cours<\/span><\/p>\n<p class=\"p1\"><span class=\"s1\">Sur Facebook, les utilisateurs du site sp\u00e9cialis\u00e9 <a href=\"https:\/\/downdetector.fr\/statut\/facebook\/\"><span class=\"s3\">Downdetector<\/span><\/a> se plaignent d&rsquo;avoir \u00e9t\u00e9 d\u00e9connect\u00e9s et de ne pas \u00eatre en mesure de recevoir le code dans le cadre de la double authentification. Sur Instagram, il n&rsquo;est pas possible d&rsquo;actualiser le fil d&rsquo;actualit\u00e9. Whatsapp n&rsquo;est en revanche pas concern\u00e9 par cette panne selon les constations de Tech&amp;Co.<\/span><\/p>\n<p class=\"p1\"><span class=\"s1\">La derni\u00e8re grosse panne des services associ\u00e9s \u00e0 Facebook remonte <a href=\"https:\/\/www.bfmtv.com\/tech\/facebook\/facebook-messenger-est-actuellement-victime-d-une-panne_AV-202305020494.html\"><span class=\"s3\">\u00e0 mai 2023<\/span><\/a>, et concernait Messenger, qui n&rsquo;\u00e9tait plus disponible pendant plus d&rsquo;une heure. Meta avait \u00e9galement d\u00fb faire face \u00e0 une panne g\u00e9ante, touchant la totalit\u00e9 de ses services, en octobre 2021, poussant la soci\u00e9t\u00e9 \u00e0 r\u00e9agir. Elle avait dur\u00e9 pr\u00e8s de six heures.<\/span><\/p>\n<p class=\"p1\"><span class=\"s1\">Gildas Kinda<\/span><\/p>\n<p>www.burkinaonline.net<\/p>\n","protected":false},"excerpt":{"rendered":"<p>Ce mardi 5 mars 2024, il n&rsquo;est plus possible d&rsquo;acc\u00e9der aux diff\u00e9rentes plateformes de Meta&#8230;.<\/p>\n","protected":false},"author":1,"featured_media":7250,"comment_status":"open","ping_status":"open","sticky":false,"template":"","format":"standard","meta":{"footnotes":""},"categories":[8,18],"tags":[],"class_list":["post-7249","post","type-post","status-publish","format-standard","has-post-thumbnail","hentry","category-post","category-international"],"_links":{"self":[{"href":"https:\/\/burkinaonline.net\/index.php?rest_route=\/wp\/v2\/posts\/7249","targetHints":{"allow":["GET"]}}],"collection":[{"href":"https:\/\/burkinaonline.net\/index.php?rest_route=\/wp\/v2\/posts"}],"about":[{"href":"https:\/\/burkinaonline.net\/index.php?rest_route=\/wp\/v2\/types\/post"}],"author":[{"embeddable":true,"href":"https:\/\/burkinaonline.net\/index.php?rest_route=\/wp\/v2\/users\/1"}],"replies":[{"embeddable":true,"href":"https:\/\/burkinaonline.net\/index.php?rest_route=%2Fwp%2Fv2%2Fcomments&post=7249"}],"version-history":[{"count":2,"href":"https:\/\/burkinaonline.net\/index.php?rest_route=\/wp\/v2\/posts\/7249\/revisions"}],"predecessor-version":[{"id":9243,"href":"https:\/\/burkinaonline.net\/index.php?rest_route=\/wp\/v2\/posts\/7249\/revisions\/9243"}],"wp:featuredmedia":[{"embeddable":true,"href":"https:\/\/burkinaonline.net\/index.php?rest_route=\/wp\/v2\/media\/7250"}],"wp:attachment":[{"href":"https:\/\/burkinaonline.net\/index.php?rest_route=%2Fwp%2Fv2%2Fmedia&parent=7249"}],"wp:term":[{"taxonomy":"category","embeddable":true,"href":"https:\/\/burkinaonline.net\/index.php?rest_route=%2Fwp%2Fv2%2Fcategories&post=7249"},{"taxonomy":"post_tag","embeddable":true,"href":"https:\/\/burkinaonline.net\/index.php?rest_route=%2Fwp%2Fv2%2Ftags&post=7249"}],"curies":[{"name":"wp","href":"https:\/\/api.w.org\/{rel}","templated":true}]}}