{"id":7362,"date":"2024-12-03T19:24:13","date_gmt":"2024-12-03T19:24:13","guid":{"rendered":"https:\/\/burkinaonline.net\/?p=7362"},"modified":"2024-12-03T19:24:13","modified_gmt":"2024-12-03T19:24:13","slug":"declaration-de-ouagadougou-creation-de-la-confederation-patronale-du-tourisme-cpt-aes","status":"publish","type":"post","link":"https:\/\/burkinaonline.net\/?p=7362","title":{"rendered":"D\u00c9CLARATION DE OUAGADOUGOU : CR\u00c9ATION DE LA CONF\u00c9D\u00c9RATION PATRONALE DU TOURISME (CPT\/AES)"},"content":{"rendered":"<p>R\u00e9unies en Assembl\u00e9e G\u00e9n\u00e9rale constitutive \u00e0 Ouagadougou le 1er d\u00e9cembre 2024, les fa\u00eeti\u00e8res du tourisme du Burkina Faso, du Mali et du Niger annoncent la cr\u00e9ation de la Conf\u00e9d\u00e9ration Patronale du Tourisme (CPT\/AES).<\/p>\n<figure id=\"attachment_7363\" aria-describedby=\"caption-attachment-7363\" style=\"width: 225px\" class=\"wp-caption alignnone\"><a href=\"http:\/\/burkinaonline.net\/wp-content\/uploads\/2024\/12\/a5b0aa9d-91c4-4c3e-b18c-782644bf8aa1.jpeg\"><img fetchpriority=\"high\" decoding=\"async\" class=\"size-medium wp-image-7363\" src=\"http:\/\/burkinaonline.net\/wp-content\/uploads\/2024\/12\/a5b0aa9d-91c4-4c3e-b18c-782644bf8aa1-225x300.jpeg\" alt=\"\" width=\"225\" height=\"300\" srcset=\"https:\/\/burkinaonline.net\/wp-content\/uploads\/2024\/12\/a5b0aa9d-91c4-4c3e-b18c-782644bf8aa1-225x300.jpeg 225w, https:\/\/burkinaonline.net\/wp-content\/uploads\/2024\/12\/a5b0aa9d-91c4-4c3e-b18c-782644bf8aa1-768x1024.jpeg 768w, https:\/\/burkinaonline.net\/wp-content\/uploads\/2024\/12\/a5b0aa9d-91c4-4c3e-b18c-782644bf8aa1.jpeg 810w\" sizes=\"(max-width: 225px) 100vw, 225px\" \/><\/a><figcaption id=\"caption-attachment-7363\" class=\"wp-caption-text\">Pr\u00e9sident CPT\/AES du Burkina Faso : Mamoudou Pierre C\u00e9lestin ZOUNGRANA<\/figcaption><\/figure>\n<p>Cette initiative r\u00e9pond \u00e0 la vision exprim\u00e9e par les Chefs d\u2019\u00c9tats des trois pays dans le cadre de l\u2019Alliance des \u00c9tats du Sahel (AES), visant \u00e0 mutualiser les efforts pour un d\u00e9veloppement durable partag\u00e9.<\/p>\n<p>Objectifs principaux de la CPT\/AES :<\/p>\n<p>F\u00e9d\u00e9rer les acteurs du tourisme des trois \u00c9tats membres ;<br \/>\nMutualiser les ressources face aux d\u00e9fis communs ;<br \/>\nRenforcer la coop\u00e9ration r\u00e9gionale pour la paix et la s\u00e9curit\u00e9 ;<br \/>\nPromouvoir le Sahel comme une destination unique, riche de sa diversit\u00e9 culturelle et naturelle ;<br \/>\nEncourager des initiatives transnationales : circuits touristiques, \u00e9v\u00e9nements conjoints et investissements.<br \/>\nLe si\u00e8ge de la Conf\u00e9d\u00e9ration est \u00e9tabli \u00e0 Ouagadougou, Burkina Faso. La CPT\/AES s\u2019engage \u00e0 d\u00e9fendre les int\u00e9r\u00eats des professionnels du secteur, \u00e0 faciliter les collaborations, et \u00e0 mobiliser les ressources pour r\u00e9pondre aux enjeux du tourisme transnational.<\/p>\n<figure id=\"attachment_7365\" aria-describedby=\"caption-attachment-7365\" style=\"width: 225px\" class=\"wp-caption alignnone\"><a href=\"http:\/\/burkinaonline.net\/wp-content\/uploads\/2024\/12\/db153d07-b1f5-4ffa-98de-31676fe552c1.jpeg\"><img decoding=\"async\" class=\"size-medium wp-image-7365\" src=\"http:\/\/burkinaonline.net\/wp-content\/uploads\/2024\/12\/db153d07-b1f5-4ffa-98de-31676fe552c1-225x300.jpeg\" alt=\"\" width=\"225\" height=\"300\" srcset=\"https:\/\/burkinaonline.net\/wp-content\/uploads\/2024\/12\/db153d07-b1f5-4ffa-98de-31676fe552c1-225x300.jpeg 225w, https:\/\/burkinaonline.net\/wp-content\/uploads\/2024\/12\/db153d07-b1f5-4ffa-98de-31676fe552c1-768x1024.jpeg 768w, https:\/\/burkinaonline.net\/wp-content\/uploads\/2024\/12\/db153d07-b1f5-4ffa-98de-31676fe552c1.jpeg 810w\" sizes=\"(max-width: 225px) 100vw, 225px\" \/><\/a><figcaption id=\"caption-attachment-7365\" class=\"wp-caption-text\">Vice- Pr\u00e9sident CPT\/AES du Niger : Mr Saley Ali IDE<\/figcaption><\/figure>\n<p>Signataires :<br \/>\nPour le Burkina Faso : M. Mamoudou Pierre C\u00e9lestin ZOUNGRANA<br \/>\nPour le Mali : Mme Ciss\u00e9 Fatimata KOUYATE<br \/>\nPour le Niger : M. Saley Ali IDE<\/p>\n<p>Fait \u00e0 Ouagadougou, le 1er d\u00e9cembre 2024.<\/p>\n<figure id=\"attachment_7364\" aria-describedby=\"caption-attachment-7364\" style=\"width: 225px\" class=\"wp-caption alignnone\"><a href=\"http:\/\/burkinaonline.net\/wp-content\/uploads\/2024\/12\/23dad251-4259-4657-bdfd-b4568725fde4.jpeg\"><img decoding=\"async\" class=\"size-medium wp-image-7364\" src=\"http:\/\/burkinaonline.net\/wp-content\/uploads\/2024\/12\/23dad251-4259-4657-bdfd-b4568725fde4-225x300.jpeg\" alt=\"\" width=\"225\" height=\"300\" srcset=\"https:\/\/burkinaonline.net\/wp-content\/uploads\/2024\/12\/23dad251-4259-4657-bdfd-b4568725fde4-225x300.jpeg 225w, https:\/\/burkinaonline.net\/wp-content\/uploads\/2024\/12\/23dad251-4259-4657-bdfd-b4568725fde4-768x1024.jpeg 768w, https:\/\/burkinaonline.net\/wp-content\/uploads\/2024\/12\/23dad251-4259-4657-bdfd-b4568725fde4.jpeg 810w\" sizes=\"(max-width: 225px) 100vw, 225px\" \/><\/a><figcaption id=\"caption-attachment-7364\" class=\"wp-caption-text\">Vice- Pr\u00e9sidente CPT\/AES du Mali : Mme CISSE Fatimata KOUYATE<\/figcaption><\/figure>\n","protected":false},"excerpt":{"rendered":"<p>R\u00e9unies en Assembl\u00e9e G\u00e9n\u00e9rale constitutive \u00e0 Ouagadougou le 1er d\u00e9cembre 2024, les fa\u00eeti\u00e8res du tourisme&#8230;<\/p>\n","protected":false},"author":1,"featured_media":7366,"comment_status":"open","ping_status":"open","sticky":false,"template":"","format":"standard","meta":{"footnotes":""},"categories":[8,10],"tags":[],"class_list":["post-7362","post","type-post","status-publish","format-standard","has-post-thumbnail","hentry","category-post","category-burkina-faso"],"_links":{"self":[{"href":"https:\/\/burkinaonline.net\/index.php?rest_route=\/wp\/v2\/posts\/7362","targetHints":{"allow":["GET"]}}],"collection":[{"href":"https:\/\/burkinaonline.net\/index.php?rest_route=\/wp\/v2\/posts"}],"about":[{"href":"https:\/\/burkinaonline.net\/index.php?rest_route=\/wp\/v2\/types\/post"}],"author":[{"embeddable":true,"href":"https:\/\/burkinaonline.net\/index.php?rest_route=\/wp\/v2\/users\/1"}],"replies":[{"embeddable":true,"href":"https:\/\/burkinaonline.net\/index.php?rest_route=%2Fwp%2Fv2%2Fcomments&post=7362"}],"version-history":[{"count":1,"href":"https:\/\/burkinaonline.net\/index.php?rest_route=\/wp\/v2\/posts\/7362\/revisions"}],"predecessor-version":[{"id":7367,"href":"https:\/\/burkinaonline.net\/index.php?rest_route=\/wp\/v2\/posts\/7362\/revisions\/7367"}],"wp:featuredmedia":[{"embeddable":true,"href":"https:\/\/burkinaonline.net\/index.php?rest_route=\/wp\/v2\/media\/7366"}],"wp:attachment":[{"href":"https:\/\/burkinaonline.net\/index.php?rest_route=%2Fwp%2Fv2%2Fmedia&parent=7362"}],"wp:term":[{"taxonomy":"category","embeddable":true,"href":"https:\/\/burkinaonline.net\/index.php?rest_route=%2Fwp%2Fv2%2Fcategories&post=7362"},{"taxonomy":"post_tag","embeddable":true,"href":"https:\/\/burkinaonline.net\/index.php?rest_route=%2Fwp%2Fv2%2Ftags&post=7362"}],"curies":[{"name":"wp","href":"https:\/\/api.w.org\/{rel}","templated":true}]}}