{"id":7464,"date":"2025-05-28T06:50:32","date_gmt":"2025-05-28T06:50:32","guid":{"rendered":"https:\/\/burkinaonline.net\/?p=7464"},"modified":"2025-05-28T07:04:47","modified_gmt":"2025-05-28T07:04:47","slug":"lunion-africaine-relance-le-dialogue-avec-laes-pour-un-retour-a-lordre-constitutionnel","status":"publish","type":"post","link":"https:\/\/burkinaonline.net\/?p=7464","title":{"rendered":"L\u2019Union africaine relance le dialogue avec l\u2019AES pour un retour \u00e0 l\u2019ordre constitutionnel"},"content":{"rendered":"<p class=\"p1\"><span class=\"s2\">Addis-Abeba, 27 mai 2025<\/span><span class=\"s1\"> \u2014 Dans un contexte de tensions persistantes entre l\u2019Union africaine (UA) et l\u2019Alliance des \u00c9tats du Sahel (AES), le pr\u00e9sident de la Commission de l\u2019UA, Mahmoud Ali Youssouf, a rencontr\u00e9 les ambassadeurs du Burkina Faso, du Mali et du Niger accr\u00e9dit\u00e9s aupr\u00e8s de l\u2019organisation panafricaine. Cette r\u00e9union visait \u00e0 explorer des pistes de r\u00e9engagement en faveur du r\u00e9tablissement de l\u2019ordre constitutionnel dans ces pays membres de l\u2019AES . <\/span><\/p>\n<p class=\"p1\"><span class=\"s1\">Au cours de cette rencontre, Mahmoud Ali Youssouf a r\u00e9affirm\u00e9 l\u2019importance du dialogue et de la coop\u00e9ration, soulignant la n\u00e9cessit\u00e9 d\u2019un engagement renouvel\u00e9 pour restaurer la gouvernance constitutionnelle, conform\u00e9ment aux normes de l\u2019Union africaine. Il a \u00e9galement adress\u00e9 des lettres officielles aux ministres des Affaires \u00e9trang\u00e8res des trois pays, les invitant \u00e0 Addis-Abeba pour des consultations approfondies en vue d\u2019\u00e9laborer une feuille de route consensuelle et assortie de d\u00e9lais pr\u00e9cis pour un retour \u00e0 l\u2019ordre constitutionnel .<\/span><\/p>\n<p>Garantissez votre avenir avec la formation en intelligence Artificielle du Cabinet Discom. Plus d\u2019info avec ce lien : <a href=\"https:\/\/www.facebook.com\/share\/v\/19WDk5nXeM\/?mibextid=wwXIfr\">https:\/\/www.facebook.com\/share\/v\/19WDk5nXeM\/?mibextid=wwXIfr<\/a><\/p>\n<p class=\"p1\"><span class=\"s1\">Cette initiative intervient apr\u00e8s les tensions provoqu\u00e9es par le retrait de l\u2019AES de la Communaut\u00e9 \u00e9conomique des \u00c9tats de l\u2019Afrique de l\u2019Ouest (CEDEAO) en juillet 2024, une d\u00e9cision que l\u2019Union africaine avait alors jug\u00e9e \u00ab inacceptable \u00bb . Les pays de l\u2019AES avaient d\u00e9nonc\u00e9 une ing\u00e9rence et un manque d\u2019impartialit\u00e9 de l\u2019organisation, cr\u00e9ant un climat de d\u00e9fiance. <\/span><\/p>\n<p class=\"p1\"><span class=\"s3\">L\u2019ouverture de ce canal de dialogue<\/span><span class=\"s1\"> marque une volont\u00e9 d\u2019apaisement et une ouverture mutuelle entre l\u2019Union africaine et l\u2019AES. Les consultations \u00e0 venir pourraient jeter les bases d\u2019une nouvelle dynamique de coop\u00e9ration politique et diplomatique entre les deux entit\u00e9s, dans le respect des sp\u00e9cificit\u00e9s et des aspirations de chacun.<\/span><\/p>\n<p>www.burkinaonline.net<\/p>\n","protected":false},"excerpt":{"rendered":"<p>Addis-Abeba, 27 mai 2025 \u2014 Dans un contexte de tensions persistantes entre l\u2019Union africaine (UA)&#8230;<\/p>\n","protected":false},"author":1,"featured_media":7465,"comment_status":"open","ping_status":"open","sticky":false,"template":"","format":"standard","meta":{"footnotes":""},"categories":[8,18,11],"tags":[],"class_list":["post-7464","post","type-post","status-publish","format-standard","has-post-thumbnail","hentry","category-post","category-international","category-politique"],"_links":{"self":[{"href":"https:\/\/burkinaonline.net\/index.php?rest_route=\/wp\/v2\/posts\/7464","targetHints":{"allow":["GET"]}}],"collection":[{"href":"https:\/\/burkinaonline.net\/index.php?rest_route=\/wp\/v2\/posts"}],"about":[{"href":"https:\/\/burkinaonline.net\/index.php?rest_route=\/wp\/v2\/types\/post"}],"author":[{"embeddable":true,"href":"https:\/\/burkinaonline.net\/index.php?rest_route=\/wp\/v2\/users\/1"}],"replies":[{"embeddable":true,"href":"https:\/\/burkinaonline.net\/index.php?rest_route=%2Fwp%2Fv2%2Fcomments&post=7464"}],"version-history":[{"count":4,"href":"https:\/\/burkinaonline.net\/index.php?rest_route=\/wp\/v2\/posts\/7464\/revisions"}],"predecessor-version":[{"id":7470,"href":"https:\/\/burkinaonline.net\/index.php?rest_route=\/wp\/v2\/posts\/7464\/revisions\/7470"}],"wp:featuredmedia":[{"embeddable":true,"href":"https:\/\/burkinaonline.net\/index.php?rest_route=\/wp\/v2\/media\/7465"}],"wp:attachment":[{"href":"https:\/\/burkinaonline.net\/index.php?rest_route=%2Fwp%2Fv2%2Fmedia&parent=7464"}],"wp:term":[{"taxonomy":"category","embeddable":true,"href":"https:\/\/burkinaonline.net\/index.php?rest_route=%2Fwp%2Fv2%2Fcategories&post=7464"},{"taxonomy":"post_tag","embeddable":true,"href":"https:\/\/burkinaonline.net\/index.php?rest_route=%2Fwp%2Fv2%2Ftags&post=7464"}],"curies":[{"name":"wp","href":"https:\/\/api.w.org\/{rel}","templated":true}]}}