{"id":7473,"date":"2025-05-28T09:19:17","date_gmt":"2025-05-28T09:19:17","guid":{"rendered":"https:\/\/burkinaonline.net\/?p=7473"},"modified":"2025-05-28T09:26:06","modified_gmt":"2025-05-28T09:26:06","slug":"un-an-sans-les-fonds-du-fmi-le-senegal-reste-debout","status":"publish","type":"post","link":"https:\/\/burkinaonline.net\/?p=7473","title":{"rendered":"Un an sans les fonds du FMI : le S\u00e9n\u00e9gal reste debout"},"content":{"rendered":"<p class=\"p1\"><span class=\"s1\">Dakar, 28 mai 2025<\/span><span class=\"s2\"> \u2014 Depuis un an, le S\u00e9n\u00e9gal fait face \u00e0 une suspension des d\u00e9caissements du Fonds mon\u00e9taire international (FMI), cons\u00e9quence directe de la r\u00e9v\u00e9lation d\u2019une dette publique sous-estim\u00e9e d\u2019environ 7 milliards de dollars entre 2019 et 2024. Cette situation, confirm\u00e9e par la Cour des comptes et le FMI, a conduit \u00e0 une r\u00e9\u00e9valuation de la dette publique, passant de 70 % \u00e0 pr\u00e8s de 100 % du PIB . <\/span><\/p>\n<p class=\"p1\"><span class=\"s2\">Le Premier ministre Ousmane Sonko a soulign\u00e9 que cette suspension r\u00e9sulte de choix souverains du pays, visant \u00e0 instaurer une nouvelle base \u00e9conomique et politique. Il a affirm\u00e9 que le S\u00e9n\u00e9gal reste debout malgr\u00e9 l\u2019absence de soutien financier du FMI, ce qu\u2019il consid\u00e8re comme un signe fort de la capacit\u00e9 du pays \u00e0 compter sur ses propres ressources.<\/span><\/p>\n<p class=\"p1\"><span class=\"s1\">Garantissez votre avenir avec la formation en intelligence Artificielle du Cabinet Discom. Plus d\u2019info avec ce lien : <a href=\"https:\/\/www.facebook.com\/share\/v\/19WDk5nXeM\/?mibextid=wwXIfr\">https:\/\/www.facebook.com\/share\/v\/19WDk5nXeM\/?mibextid=wwXIfr<\/a><\/span><\/p>\n<p class=\"p1\"><span class=\"s2\">Dans ce contexte, le gouvernement s\u00e9n\u00e9galais pr\u00e9voit de pr\u00e9senter prochainement un plan de relance \u00e9conomique pour renforcer cette autonomie. Parall\u00e8lement, des discussions sont en cours avec le FMI pour obtenir une d\u00e9rogation ou envisager un remboursement des pr\u00eats pr\u00e9c\u00e9demment accord\u00e9s, en vue de r\u00e9tablir la confiance entre les deux parties . <\/span><\/p>\n<p class=\"p1\"><span class=\"s2\">Cette p\u00e9riode marque un tournant dans les relations entre le S\u00e9n\u00e9gal et ses partenaires financiers internationaux, mettant en lumi\u00e8re les d\u00e9fis li\u00e9s \u00e0 la transparence budg\u00e9taire et \u00e0 l\u2019affirmation de la souverainet\u00e9 \u00e9conomique.<\/span><\/p>\n<p>www.burkinaonline.net<\/p>\n","protected":false},"excerpt":{"rendered":"<p>Dakar, 28 mai 2025 \u2014 Depuis un an, le S\u00e9n\u00e9gal fait face \u00e0 une suspension&#8230;<\/p>\n","protected":false},"author":1,"featured_media":7474,"comment_status":"open","ping_status":"open","sticky":false,"template":"","format":"standard","meta":{"footnotes":""},"categories":[8,15,18,11],"tags":[],"class_list":["post-7473","post","type-post","status-publish","format-standard","has-post-thumbnail","hentry","category-post","category-economie","category-international","category-politique"],"_links":{"self":[{"href":"https:\/\/burkinaonline.net\/index.php?rest_route=\/wp\/v2\/posts\/7473","targetHints":{"allow":["GET"]}}],"collection":[{"href":"https:\/\/burkinaonline.net\/index.php?rest_route=\/wp\/v2\/posts"}],"about":[{"href":"https:\/\/burkinaonline.net\/index.php?rest_route=\/wp\/v2\/types\/post"}],"author":[{"embeddable":true,"href":"https:\/\/burkinaonline.net\/index.php?rest_route=\/wp\/v2\/users\/1"}],"replies":[{"embeddable":true,"href":"https:\/\/burkinaonline.net\/index.php?rest_route=%2Fwp%2Fv2%2Fcomments&post=7473"}],"version-history":[{"count":2,"href":"https:\/\/burkinaonline.net\/index.php?rest_route=\/wp\/v2\/posts\/7473\/revisions"}],"predecessor-version":[{"id":7476,"href":"https:\/\/burkinaonline.net\/index.php?rest_route=\/wp\/v2\/posts\/7473\/revisions\/7476"}],"wp:featuredmedia":[{"embeddable":true,"href":"https:\/\/burkinaonline.net\/index.php?rest_route=\/wp\/v2\/media\/7474"}],"wp:attachment":[{"href":"https:\/\/burkinaonline.net\/index.php?rest_route=%2Fwp%2Fv2%2Fmedia&parent=7473"}],"wp:term":[{"taxonomy":"category","embeddable":true,"href":"https:\/\/burkinaonline.net\/index.php?rest_route=%2Fwp%2Fv2%2Fcategories&post=7473"},{"taxonomy":"post_tag","embeddable":true,"href":"https:\/\/burkinaonline.net\/index.php?rest_route=%2Fwp%2Fv2%2Ftags&post=7473"}],"curies":[{"name":"wp","href":"https:\/\/api.w.org\/{rel}","templated":true}]}}