{"id":7480,"date":"2025-05-28T12:16:46","date_gmt":"2025-05-28T12:16:46","guid":{"rendered":"https:\/\/burkinaonline.net\/?p=7480"},"modified":"2025-05-28T12:17:23","modified_gmt":"2025-05-28T12:17:23","slug":"yako-affaire-de-la-femme-blessee-a-la-tete-par-une-pioche-le-parquet-ouvre-une-information-judiciaire-pour-tentative-de-meurtre","status":"publish","type":"post","link":"https:\/\/burkinaonline.net\/?p=7480","title":{"rendered":"Yako \u2013 Affaire de la femme bless\u00e9e \u00e0 la t\u00eate par une pioche : le parquet ouvre une information judiciaire pour tentative de meurtre"},"content":{"rendered":"<p class=\"p1\"><span class=\"s2\">Yako, 27 mai 2025<\/span><span class=\"s1\"> \u2013 D\u00e9j\u00e0 largement relay\u00e9e sur les r\u00e9seaux sociaux et dans les m\u00e9dias, l\u2019affaire de la femme gri\u00e8vement bless\u00e9e \u00e0 la t\u00eate par une pioche conna\u00eet un nouveau tournant judiciaire. Dans un communiqu\u00e9 officiel publi\u00e9 ce 27 mai, le procureur du Faso pr\u00e8s le Tribunal de grande instance de Yako, Lamine Kabor\u00e9, a annonc\u00e9 l\u2019ouverture d\u2019une information judiciaire pour des faits qualifi\u00e9s de tentative de meurtre.<\/span><\/p>\n<p class=\"p1\"><span class=\"s1\">Les faits, d\u2019une violence inou\u00efe, se sont produits dans la nuit du 22 mai 2025 \u00e0 Yak\u00e9, localit\u00e9 du d\u00e9partement de Bokin. La vid\u00e9o montrant la victime, le cr\u00e2ne transperc\u00e9 par une pioche, avait provoqu\u00e9 une onde de choc dans l\u2019opinion publique. \u00c0 la suite de la diffusion de ces images, une enqu\u00eate a \u00e9t\u00e9 imm\u00e9diatement ordonn\u00e9e par le parquet.<\/span><\/p>\n<p class=\"p1\"><span class=\"s1\">Le 23 mai, la sous-unit\u00e9 de la police judiciaire est parvenue \u00e0 interpeller le principal suspect, un homme vivant avec la victime et sa m\u00e8re. Bien qu\u2019il soit sourd-muet, il a \u00e9t\u00e9 identifi\u00e9 gr\u00e2ce aux efforts conjoints des enqu\u00eateurs et des habitants. Il a \u00e9t\u00e9 pr\u00e9sent\u00e9 au parquet, puis d\u00e9f\u00e9r\u00e9 devant un juge d\u2019instruction pour l\u2019ouverture d\u2019une information judiciaire.<\/span><\/p>\n<p class=\"p1\"><span class=\"s1\">Contrairement aux rumeurs \u00e9voquant un d\u00e9s\u00e9quilibre mental du mis en cause, le certificat m\u00e9dical produit \u00e0 ce stade ne confirme pas ces assertions. Le parquet indique que l\u2019enqu\u00eate se poursuit pour \u00e9clairer l\u2019ensemble des circonstances entourant cette affaire.<\/span><\/p>\n<p class=\"p1\"><span class=\"s1\">Dans son communiqu\u00e9, le procureur Kabor\u00e9 a tenu \u00e0 rassurer l\u2019opinion publique quant \u00e0 la diligence de la justice et \u00e0 souligner le caract\u00e8re inacceptable et inhumain des faits reproch\u00e9s. Il a salu\u00e9 la promptitude de la sous-unit\u00e9 d\u2019enqu\u00eate, tout en f\u00e9licitant les agents de sant\u00e9 pour la prise en charge rapide de la victime, \u00e0 qui il a souhait\u00e9 un prompt r\u00e9tablissement.<\/span><\/p>\n<p class=\"p1\"><span class=\"s1\">Ce communiqu\u00e9 vient ainsi marquer l\u2019entr\u00e9e officielle de l\u2019affaire dans sa phase judiciaire, confirmant la volont\u00e9 des autorit\u00e9s judiciaires de traiter ce dossier avec rigueur et humanit\u00e9.<\/span><\/p>\n<p>www.burkinaonline.net<a href=\"http:\/\/burkinaonline.net\/wp-content\/uploads\/2025\/05\/IMG_5400.jpeg\"><img fetchpriority=\"high\" decoding=\"async\" class=\"alignnone size-medium wp-image-7481\" src=\"http:\/\/burkinaonline.net\/wp-content\/uploads\/2025\/05\/IMG_5400-221x300.jpeg\" alt=\"\" width=\"221\" height=\"300\" srcset=\"https:\/\/burkinaonline.net\/wp-content\/uploads\/2025\/05\/IMG_5400-221x300.jpeg 221w, https:\/\/burkinaonline.net\/wp-content\/uploads\/2025\/05\/IMG_5400.jpeg 708w\" sizes=\"(max-width: 221px) 100vw, 221px\" \/><\/a> <a href=\"http:\/\/burkinaonline.net\/wp-content\/uploads\/2025\/05\/IMG_5401.jpeg\"><img decoding=\"async\" class=\"alignnone size-medium wp-image-7482\" src=\"http:\/\/burkinaonline.net\/wp-content\/uploads\/2025\/05\/IMG_5401-220x300.jpeg\" alt=\"\" width=\"220\" height=\"300\" srcset=\"https:\/\/burkinaonline.net\/wp-content\/uploads\/2025\/05\/IMG_5401-220x300.jpeg 220w, https:\/\/burkinaonline.net\/wp-content\/uploads\/2025\/05\/IMG_5401.jpeg 703w\" sizes=\"(max-width: 220px) 100vw, 220px\" \/><\/a><\/p>\n","protected":false},"excerpt":{"rendered":"<p>Yako, 27 mai 2025 \u2013 D\u00e9j\u00e0 largement relay\u00e9e sur les r\u00e9seaux sociaux et dans les&#8230;<\/p>\n","protected":false},"author":1,"featured_media":7484,"comment_status":"open","ping_status":"open","sticky":false,"template":"","format":"standard","meta":{"footnotes":""},"categories":[8,10,13],"tags":[],"class_list":["post-7480","post","type-post","status-publish","format-standard","has-post-thumbnail","hentry","category-post","category-burkina-faso","category-societe"],"_links":{"self":[{"href":"https:\/\/burkinaonline.net\/index.php?rest_route=\/wp\/v2\/posts\/7480","targetHints":{"allow":["GET"]}}],"collection":[{"href":"https:\/\/burkinaonline.net\/index.php?rest_route=\/wp\/v2\/posts"}],"about":[{"href":"https:\/\/burkinaonline.net\/index.php?rest_route=\/wp\/v2\/types\/post"}],"author":[{"embeddable":true,"href":"https:\/\/burkinaonline.net\/index.php?rest_route=\/wp\/v2\/users\/1"}],"replies":[{"embeddable":true,"href":"https:\/\/burkinaonline.net\/index.php?rest_route=%2Fwp%2Fv2%2Fcomments&post=7480"}],"version-history":[{"count":1,"href":"https:\/\/burkinaonline.net\/index.php?rest_route=\/wp\/v2\/posts\/7480\/revisions"}],"predecessor-version":[{"id":7483,"href":"https:\/\/burkinaonline.net\/index.php?rest_route=\/wp\/v2\/posts\/7480\/revisions\/7483"}],"wp:featuredmedia":[{"embeddable":true,"href":"https:\/\/burkinaonline.net\/index.php?rest_route=\/wp\/v2\/media\/7484"}],"wp:attachment":[{"href":"https:\/\/burkinaonline.net\/index.php?rest_route=%2Fwp%2Fv2%2Fmedia&parent=7480"}],"wp:term":[{"taxonomy":"category","embeddable":true,"href":"https:\/\/burkinaonline.net\/index.php?rest_route=%2Fwp%2Fv2%2Fcategories&post=7480"},{"taxonomy":"post_tag","embeddable":true,"href":"https:\/\/burkinaonline.net\/index.php?rest_route=%2Fwp%2Fv2%2Ftags&post=7480"}],"curies":[{"name":"wp","href":"https:\/\/api.w.org\/{rel}","templated":true}]}}