{"id":7485,"date":"2025-05-28T13:28:30","date_gmt":"2025-05-28T13:28:30","guid":{"rendered":"https:\/\/burkinaonline.net\/?p=7485"},"modified":"2025-05-28T13:28:30","modified_gmt":"2025-05-28T13:28:30","slug":"visite-du-premier-ministre-du-niger-a-abidjan-un-tournant-diplomatique-et-economique","status":"publish","type":"post","link":"https:\/\/burkinaonline.net\/?p=7485","title":{"rendered":"Visite du Premier ministre du Niger \u00e0 Abidjan : un tournant diplomatique et \u00e9conomique"},"content":{"rendered":"<p>Le Premier ministre du Niger, Ali Mahamane Lamine Zeine, effectue une visite remarqu\u00e9e \u00e0 Abidjan, en C\u00f4te d\u2019Ivoire, dans le cadre des Assembl\u00e9es annuelles de la Banque africaine de d\u00e9veloppement (BAD). Ce d\u00e9placement marque une \u00e9tape importante dans les relations entre Niamey et Abidjan, apr\u00e8s une p\u00e9riode de tensions diplomatiques li\u00e9es au changement politique intervenu au Niger en 2023.<\/p>\n<p>En marge de cet \u00e9v\u00e9nement international, le Premier ministre nig\u00e9rien a \u00e9t\u00e9 re\u00e7u par le pr\u00e9sident ivoirien Alassane Ouattara. Cette rencontre, la premi\u00e8re du genre depuis la rupture survenue apr\u00e8s le coup d\u2019\u00c9tat, laisse entrevoir un d\u00e9but de r\u00e9chauffement des relations entre les deux pays. Elle symbolise une volont\u00e9 commune d\u2019apaisement et de coop\u00e9ration, notamment sur les plans \u00e9conomique et s\u00e9curitaire.<\/p>\n<p>Ali Lamine Zeine, ancien cadre de la BAD et \u00e9conomiste reconnu, a \u00e9galement profit\u00e9 de son s\u00e9jour pour visiter plusieurs infrastructures majeures \u00e0 Abidjan, comme le quatri\u00e8me pont en construction, illustrant son int\u00e9r\u00eat pour les grands projets structurants de la sous-r\u00e9gion.<\/p>\n<p>La pr\u00e9sence du Premier ministre nig\u00e9rien \u00e0 ces assises \u00e9conomiques t\u00e9moigne \u00e9galement du souhait du Niger de rester connect\u00e9 aux institutions financi\u00e8res africaines et de renforcer sa coop\u00e9ration r\u00e9gionale, malgr\u00e9 l\u2019isolement relatif impos\u00e9 par certains pays membres de la CEDEAO.<\/p>\n<p>Cette visite pourrait donc ouvrir la voie \u00e0 une relance des partenariats entre la C\u00f4te d\u2019Ivoire et le Niger, au b\u00e9n\u00e9fice de la stabilit\u00e9 et du d\u00e9veloppement de la r\u00e9gion ouest-africaine.<\/p>\n<p>www.burkinaonline.net<\/p>\n","protected":false},"excerpt":{"rendered":"<p>Le Premier ministre du Niger, Ali Mahamane Lamine Zeine, effectue une visite remarqu\u00e9e \u00e0 Abidjan,&#8230;<\/p>\n","protected":false},"author":1,"featured_media":7486,"comment_status":"open","ping_status":"open","sticky":false,"template":"","format":"standard","meta":{"footnotes":""},"categories":[8,18,11],"tags":[],"class_list":["post-7485","post","type-post","status-publish","format-standard","has-post-thumbnail","hentry","category-post","category-international","category-politique"],"_links":{"self":[{"href":"https:\/\/burkinaonline.net\/index.php?rest_route=\/wp\/v2\/posts\/7485","targetHints":{"allow":["GET"]}}],"collection":[{"href":"https:\/\/burkinaonline.net\/index.php?rest_route=\/wp\/v2\/posts"}],"about":[{"href":"https:\/\/burkinaonline.net\/index.php?rest_route=\/wp\/v2\/types\/post"}],"author":[{"embeddable":true,"href":"https:\/\/burkinaonline.net\/index.php?rest_route=\/wp\/v2\/users\/1"}],"replies":[{"embeddable":true,"href":"https:\/\/burkinaonline.net\/index.php?rest_route=%2Fwp%2Fv2%2Fcomments&post=7485"}],"version-history":[{"count":1,"href":"https:\/\/burkinaonline.net\/index.php?rest_route=\/wp\/v2\/posts\/7485\/revisions"}],"predecessor-version":[{"id":7487,"href":"https:\/\/burkinaonline.net\/index.php?rest_route=\/wp\/v2\/posts\/7485\/revisions\/7487"}],"wp:featuredmedia":[{"embeddable":true,"href":"https:\/\/burkinaonline.net\/index.php?rest_route=\/wp\/v2\/media\/7486"}],"wp:attachment":[{"href":"https:\/\/burkinaonline.net\/index.php?rest_route=%2Fwp%2Fv2%2Fmedia&parent=7485"}],"wp:term":[{"taxonomy":"category","embeddable":true,"href":"https:\/\/burkinaonline.net\/index.php?rest_route=%2Fwp%2Fv2%2Fcategories&post=7485"},{"taxonomy":"post_tag","embeddable":true,"href":"https:\/\/burkinaonline.net\/index.php?rest_route=%2Fwp%2Fv2%2Ftags&post=7485"}],"curies":[{"name":"wp","href":"https:\/\/api.w.org\/{rel}","templated":true}]}}