{"id":7489,"date":"2025-05-28T16:39:16","date_gmt":"2025-05-28T16:39:16","guid":{"rendered":"https:\/\/burkinaonline.net\/?p=7489"},"modified":"2025-05-28T16:39:44","modified_gmt":"2025-05-28T16:39:44","slug":"cooperation-entre-le-burkina-faso-et-les-etats-unis-le-president-trump-depeche-un-emissaire-a-ouagadougou","status":"publish","type":"post","link":"https:\/\/burkinaonline.net\/?p=7489","title":{"rendered":"Coop\u00e9ration entre le Burkina Faso et les Etats-Unis : le Pr\u00e9sident TRUMP d\u00e9p\u00eache un \u00e9missaire \u00e0 Ouagadougou."},"content":{"rendered":"<p>(Ouagadougou, le 28 mai 2025)<\/p>\n<p>A l\u2019initiative du Pr\u00e9sident Donald TRUMP, le Sous-Secr\u00e9taire d\u2019Etat adjoint am\u00e9ricain pour l\u2019Afrique de l\u2019Ouest Monsieur Will STEVENS a effectu\u00e9 une visite dans la capitale burkinab\u00e8 le mardi 27 mai.<\/p>\n<p>Dans la soir\u00e9e il a \u00e9t\u00e9 re\u00e7u par le ministre des Affaires \u00e9trang\u00e8res, de la Coop\u00e9ration r\u00e9gionale et des Burkinab\u00e8 de l\u2019Ext\u00e9rieur.<\/p>\n<p>L\u2019\u00e9missaire am\u00e9ricain dite \u00eatre venu renouveler la volont\u00e9 des Etats-Unis \u00e0 reconstruire une coop\u00e9ration solide avec le Burkina Faso.<\/p>\n<p>\u00ab Je viens aujourd\u2019hui avec un message du Pr\u00e9sident Donald TRUMP, qui est de travailler ensemble pour construire une relation pragmatique bas\u00e9e sur le respect mutuel et le respect de la souverainet\u00e9 de chaque pays ; on peut collaborer mutuellement, travailler ensemble pour faire face aux d\u00e9fis et am\u00e9liorer nos relations \u00bb, a-t-il d\u00e9clar\u00e9 \u00e0 l\u2019issue de l\u2019audience.<\/p>\n<p>Avec le ministre des Affaires \u00e9trang\u00e8res, il s\u2019est agi d\u2019explorer diff\u00e9rents domaines et opportunit\u00e9s de coop\u00e9ration pour consolider les relations entre les deux partenaires, avec plusieurs perspectives de coop\u00e9ration, notamment le renforcement des relations commerciales et la coop\u00e9ration sur le plan s\u00e9curitaire.<\/p>\n<p>Le ministre Karamoko Jean marie TRAORE a salu\u00e9 cette d\u00e9marche du Pr\u00e9sident am\u00e9ricain, qui a compris la n\u00e9cessit\u00e9 d\u2019envoyer un \u00e9missaire sur le terrain pour avoir les informations de premi\u00e8re main.<\/p>\n<p>Le Chef de la diplomatie burkinab\u00e8 a \u00e9galement donn\u00e9 des clarifications sur la vision et les principes qui guident d\u00e9sormais l\u2019Etat burkinab\u00e8 dans ses relations de coop\u00e9ration, soutenant que les autorit\u00e9s burkinab\u00e8 sont engag\u00e9es \u00e0 tisser des partenariats strat\u00e9giques qui permettent de b\u00e2tir une Nation souveraine.<\/p>\n<p>\u00ab En tant que Burkinab\u00e8 en tant que Sah\u00e9liens et en tant qu\u2019Africains, nous voulons le respect mutuel, le respect de notre souverainet\u00e9 ; l\u2019Afrique est un continent comme les autres et les Africains sont des \u00eatres humains comme les autres ; nous voulons un changement de regard et de lecture, que l\u2019on se comprenne, que l\u2019on \u00e9vite les discours frustrants, et b\u00e2tir nos relations sur un principe \u00e9galitaire \u00bb, a laiss\u00e9 entendre le Chef de la diplomatie burkinab\u00e8 \u00e0 l\u2019\u00e9missaire am\u00e9ricain, tout en saluant le fait que l\u2019Administration TRUMP commence \u00e0 comprendre cette vision.<\/p>\n<p>Sur la question s\u00e9curitaire, le ministre TRAORE a dit regretter que dans ce contexte, certains pays dont les Etats-Unis, sur la base de principes et refusant les r\u00e9alit\u00e9s du terrain, emp\u00eachent les pays qui souffrent du terrorisme d\u2019acqu\u00e9rir du mat\u00e9riel et des \u00e9quipements de guerre.<\/p>\n<p>En r\u00e9action, le Sous-Secr\u00e9taire d&rsquo;Etat adjoint am\u00e9ricain en fonction depuis janvier 2025, a promis de s\u2019investir personnellement pour d\u00e9bloquer cette situation, et permettre que la lutte contre le terrorisme et son financement connaisse des avanc\u00e9es significatives dans la sous-r\u00e9gion.<\/p>\n<p>A la question de savoir comment il r\u00e9agit aux propos du G\u00e9n\u00e9ral LANGLEY sur le Burkina Faso qui ont suscit\u00e9 de vives r\u00e9actions \u00e0 travers le monde, l\u2019\u00e9missaire am\u00e9ricain a laiss\u00e9 entendre qu\u2019il est l\u00e0 \u00ab pour un message positif, pour r\u00e9tablir la confiance mutuelle, et impulser une nouvelle dynamique de coop\u00e9ration entre Ouagadougou et Washington \u00bb.<\/p>\n<p>DCRP\/MAECR-BE<\/p>\n<p>www.burkinaonline.net<\/p>\n","protected":false},"excerpt":{"rendered":"<p>(Ouagadougou, le 28 mai 2025) A l\u2019initiative du Pr\u00e9sident Donald TRUMP, le Sous-Secr\u00e9taire d\u2019Etat adjoint&#8230;<\/p>\n","protected":false},"author":1,"featured_media":7490,"comment_status":"open","ping_status":"open","sticky":false,"template":"","format":"standard","meta":{"footnotes":""},"categories":[8,10,18,11],"tags":[],"class_list":["post-7489","post","type-post","status-publish","format-standard","has-post-thumbnail","hentry","category-post","category-burkina-faso","category-international","category-politique"],"_links":{"self":[{"href":"https:\/\/burkinaonline.net\/index.php?rest_route=\/wp\/v2\/posts\/7489","targetHints":{"allow":["GET"]}}],"collection":[{"href":"https:\/\/burkinaonline.net\/index.php?rest_route=\/wp\/v2\/posts"}],"about":[{"href":"https:\/\/burkinaonline.net\/index.php?rest_route=\/wp\/v2\/types\/post"}],"author":[{"embeddable":true,"href":"https:\/\/burkinaonline.net\/index.php?rest_route=\/wp\/v2\/users\/1"}],"replies":[{"embeddable":true,"href":"https:\/\/burkinaonline.net\/index.php?rest_route=%2Fwp%2Fv2%2Fcomments&post=7489"}],"version-history":[{"count":2,"href":"https:\/\/burkinaonline.net\/index.php?rest_route=\/wp\/v2\/posts\/7489\/revisions"}],"predecessor-version":[{"id":7492,"href":"https:\/\/burkinaonline.net\/index.php?rest_route=\/wp\/v2\/posts\/7489\/revisions\/7492"}],"wp:featuredmedia":[{"embeddable":true,"href":"https:\/\/burkinaonline.net\/index.php?rest_route=\/wp\/v2\/media\/7490"}],"wp:attachment":[{"href":"https:\/\/burkinaonline.net\/index.php?rest_route=%2Fwp%2Fv2%2Fmedia&parent=7489"}],"wp:term":[{"taxonomy":"category","embeddable":true,"href":"https:\/\/burkinaonline.net\/index.php?rest_route=%2Fwp%2Fv2%2Fcategories&post=7489"},{"taxonomy":"post_tag","embeddable":true,"href":"https:\/\/burkinaonline.net\/index.php?rest_route=%2Fwp%2Fv2%2Ftags&post=7489"}],"curies":[{"name":"wp","href":"https:\/\/api.w.org\/{rel}","templated":true}]}}