{"id":7493,"date":"2025-05-28T17:37:48","date_gmt":"2025-05-28T17:37:48","guid":{"rendered":"https:\/\/burkinaonline.net\/?p=7493"},"modified":"2025-05-28T17:42:22","modified_gmt":"2025-05-28T17:42:22","slug":"appel-au-calme-du-gouvernement-burkinabe-face-a-la-montee-des-discours-de-haine","status":"publish","type":"post","link":"https:\/\/burkinaonline.net\/?p=7493","title":{"rendered":"Appel au calme du gouvernement burkinab\u00e8 face \u00e0 la mont\u00e9e des discours de haine"},"content":{"rendered":"<p>Le Minist\u00e8re de l\u2019Administration territoriale et de la Mobilit\u00e9 a lanc\u00e9, ce 28 mai 2025, un appel ferme \u00e0 la responsabilit\u00e9 et \u00e0 la retenue suite \u00e0 la prolif\u00e9ration de messages de haine et de division sur les r\u00e9seaux sociaux. Depuis la c\u00e9l\u00e9bration de la Journ\u00e9e des Coutumes et Traditions, le 15 mai dernier, des vid\u00e9os pr\u00f4nant l\u2019intol\u00e9rance religieuse ont circul\u00e9, suscitant l\u2019inqui\u00e9tude des autorit\u00e9s.<\/p>\n<p>Dans un communiqu\u00e9 officiel sign\u00e9 par le magistrat \u00c9mile Zerbo, le minist\u00e8re d\u00e9plore la nature clivante de certains pr\u00eaches religieux diffus\u00e9s dans l\u2019espace public. Ces discours compromettent gravement la coh\u00e9sion sociale et la tradition de vivre-ensemble qui caract\u00e9rise le peuple burkinab\u00e8.<\/p>\n<p>Face \u00e0 cette situation pr\u00e9occupante, une d\u00e9l\u00e9gation gouvernementale a rencontr\u00e9 les responsables de la communaut\u00e9 islamique ainsi que les chefs coutumiers. Au c\u0153ur des \u00e9changes : la n\u00e9cessit\u00e9 de mod\u00e9rer les prises de parole publiques, de rejeter le radicalisme et de promouvoir la tol\u00e9rance intercommunautaire.<\/p>\n<p>Le minist\u00e8re rappelle que toute personne diffusant des messages de haine ou d\u2019intol\u00e9rance au nom de la religion sera poursuivie selon les lois en vigueur. Il insiste \u00e9galement sur son engagement \u00e0 garantir la libert\u00e9 de culte pour tous, dans le respect des valeurs r\u00e9publicaines.<\/p>\n<p>Ce communiqu\u00e9 intervient dans un contexte sensible, o\u00f9 l\u2019unit\u00e9 nationale reste un pilier central pour faire face aux d\u00e9fis s\u00e9curitaires et sociaux. Le gouvernement appelle donc chaque citoyen \u00e0 faire preuve de vigilance et de responsabilit\u00e9 dans l\u2019usage de la parole et des m\u00e9dias sociaux, au service d\u2019un Burkina Faso uni et apais\u00e9.<\/p>\n<p>www.burkinaonline.net<\/p>\n<p><a href=\"http:\/\/burkinaonline.net\/wp-content\/uploads\/2025\/05\/IMG_5418.jpeg\"><img fetchpriority=\"high\" decoding=\"async\" class=\"alignnone size-medium wp-image-7495\" src=\"http:\/\/burkinaonline.net\/wp-content\/uploads\/2025\/05\/IMG_5418-203x300.jpeg\" alt=\"\" width=\"203\" height=\"300\" srcset=\"https:\/\/burkinaonline.net\/wp-content\/uploads\/2025\/05\/IMG_5418-203x300.jpeg 203w, https:\/\/burkinaonline.net\/wp-content\/uploads\/2025\/05\/IMG_5418.jpeg 650w\" sizes=\"(max-width: 203px) 100vw, 203px\" \/><\/a><\/p>\n","protected":false},"excerpt":{"rendered":"<p>Le Minist\u00e8re de l\u2019Administration territoriale et de la Mobilit\u00e9 a lanc\u00e9, ce 28 mai 2025,&#8230;<\/p>\n","protected":false},"author":1,"featured_media":7494,"comment_status":"open","ping_status":"open","sticky":false,"template":"","format":"standard","meta":{"footnotes":""},"categories":[8,10,13],"tags":[],"class_list":["post-7493","post","type-post","status-publish","format-standard","has-post-thumbnail","hentry","category-post","category-burkina-faso","category-societe"],"_links":{"self":[{"href":"https:\/\/burkinaonline.net\/index.php?rest_route=\/wp\/v2\/posts\/7493","targetHints":{"allow":["GET"]}}],"collection":[{"href":"https:\/\/burkinaonline.net\/index.php?rest_route=\/wp\/v2\/posts"}],"about":[{"href":"https:\/\/burkinaonline.net\/index.php?rest_route=\/wp\/v2\/types\/post"}],"author":[{"embeddable":true,"href":"https:\/\/burkinaonline.net\/index.php?rest_route=\/wp\/v2\/users\/1"}],"replies":[{"embeddable":true,"href":"https:\/\/burkinaonline.net\/index.php?rest_route=%2Fwp%2Fv2%2Fcomments&post=7493"}],"version-history":[{"count":2,"href":"https:\/\/burkinaonline.net\/index.php?rest_route=\/wp\/v2\/posts\/7493\/revisions"}],"predecessor-version":[{"id":7497,"href":"https:\/\/burkinaonline.net\/index.php?rest_route=\/wp\/v2\/posts\/7493\/revisions\/7497"}],"wp:featuredmedia":[{"embeddable":true,"href":"https:\/\/burkinaonline.net\/index.php?rest_route=\/wp\/v2\/media\/7494"}],"wp:attachment":[{"href":"https:\/\/burkinaonline.net\/index.php?rest_route=%2Fwp%2Fv2%2Fmedia&parent=7493"}],"wp:term":[{"taxonomy":"category","embeddable":true,"href":"https:\/\/burkinaonline.net\/index.php?rest_route=%2Fwp%2Fv2%2Fcategories&post=7493"},{"taxonomy":"post_tag","embeddable":true,"href":"https:\/\/burkinaonline.net\/index.php?rest_route=%2Fwp%2Fv2%2Ftags&post=7493"}],"curies":[{"name":"wp","href":"https:\/\/api.w.org\/{rel}","templated":true}]}}