{"id":7498,"date":"2025-05-28T18:40:24","date_gmt":"2025-05-28T18:40:24","guid":{"rendered":"https:\/\/burkinaonline.net\/?p=7498"},"modified":"2025-05-28T18:53:49","modified_gmt":"2025-05-28T18:53:49","slug":"processss","status":"publish","type":"post","link":"https:\/\/burkinaonline.net\/?p=7498","title":{"rendered":"\ud835\udde3\ud835\uddff\ud835\uddfc\ud835\uddf0\u00e8\ud835\ude00 \ud835\uddf1\ud835\uddf2\ud835\ude00 \ud835\uddfd\ud835\uddff\u00e9\ud835\ude00\ud835\ude02\ud835\uddfa\u00e9\ud835\ude00 \ud835\uddee\ud835\ude02\ud835\ude01\ud835\uddf2\ud835\ude02\ud835\uddff\ud835\ude00 \ud835\uddf1\ud835\uddf2 \ud835\ude00\ud835\ude01\ud835\uddfc\ud835\uddf0\ud835\uddf8\ud835\uddee\ud835\uddf4\ud835\uddf2 \ud835\uddf1\ud835\uddf2 \ud835\uddfd\ud835\uddff\ud835\uddfc\ud835\uddf1\ud835\ude02\ud835\uddf6\ud835\ude01\ud835\ude00 \ud835\uddf0\ud835\uddf5\ud835\uddf6\ud835\uddfa\ud835\uddf6\ud835\uddfe\ud835\ude02\ud835\uddf2\ud835\ude00 \ud835\uddf1\ud835\uddee\ud835\uddfb\ud835\uddf4\ud835\uddf2\ud835\uddff\ud835\uddf2\ud835\ude02\ud835\ude05 \u00e0 \ud835\uddde\ud835\uddfc\ud835\ude00\ud835\ude00\ud835\uddfc\ud835\uddf1\ud835\uddfc : \ud835\udddf&rsquo;\ud835\uddee\ud835\ude02\ud835\uddf1\ud835\uddf6\ud835\uddf2\ud835\uddfb\ud835\uddf0\ud835\uddf2 \ud835\uddf2\ud835\ude00\ud835\ude01 \ud835\uddfc\ud835\ude02\ud835\ude03\ud835\uddf2\ud835\uddff\ud835\ude01\ud835\uddf2"},"content":{"rendered":"<p class=\"p1\">L\u2019audience de l\u2019affaire\u201d Minist\u00e8re public contre la soci\u00e9t\u00e9 Faso CHEM SARL et ses dirigeants \u201c, poursuivis pour stockage illicite de produits chimiques dangereux et mise en danger de la personne d\u2019autrui s\u2019est ouverte ce mercredi 28 mai 2025, au Tribunal de grande instance (TGI) Ouaga1.<\/p>\n<p class=\"p1\"><span class=\"s1\">\u00a0Aussit\u00f4t appel\u00e9, le dossier a \u00e9t\u00e9 renvoy\u00e9 au 18 juin 2025 pour une bonne administration de la justice. Pour rappel, ce dossier fait suite \u00e0 un incendie dans un entrep\u00f4t d\u2019acide situ\u00e9 dans la zone industrielle de Kossodo.<\/span><\/p>\n<p class=\"p1\"><span class=\"s1\">L\u2019un des pr\u00e9venus dans cette affaire, notamment le Pr\u00e9sident Directeur G\u00e9n\u00e9ral de la soci\u00e9t\u00e9 Faso CHEM SARL qui a fait l\u2019objet d\u2019un mandat de d\u00e9p\u00f4t, a comparu ce matin. Quant au Directeur G\u00e9n\u00e9ral de ladite soci\u00e9t\u00e9, de nationalit\u00e9 \u00e9trang\u00e8re, il a pu s\u2019enfuir avant la fin des investigations.<\/span><\/p>\n<p class=\"p1\"><span class=\"s1\">\u00a0Cette affaire traduit la ferme volont\u00e9 des autorit\u00e9s judiciaires \u00e0 r\u00e9primer tout auteur d\u2019agissements de nature \u00e0 porter atteinte \u00e0 l\u2019\u00e9cocitoyennet\u00e9 et au bon vivre de chacun.<\/span><\/p>\n<p class=\"p1\"><span class=\"s1\">\u00a0\ud835\uddd7\ud835\uddd6\ud835\udde5\ud835\udde3-\ud835\udde0\ud835\udddd\ud835\uddd7\ud835\udddb\ud835\udde5\ud835\udddc<\/span><\/p>\n<p>www.burkinaonline.net<\/p>\n","protected":false},"excerpt":{"rendered":"<p>L\u2019audience de l\u2019affaire\u201d Minist\u00e8re public contre la soci\u00e9t\u00e9 Faso CHEM SARL et ses dirigeants \u201c,&#8230;<\/p>\n","protected":false},"author":1,"featured_media":7499,"comment_status":"open","ping_status":"open","sticky":false,"template":"","format":"standard","meta":{"footnotes":""},"categories":[8,10,13],"tags":[],"class_list":["post-7498","post","type-post","status-publish","format-standard","has-post-thumbnail","hentry","category-post","category-burkina-faso","category-societe"],"_links":{"self":[{"href":"https:\/\/burkinaonline.net\/index.php?rest_route=\/wp\/v2\/posts\/7498","targetHints":{"allow":["GET"]}}],"collection":[{"href":"https:\/\/burkinaonline.net\/index.php?rest_route=\/wp\/v2\/posts"}],"about":[{"href":"https:\/\/burkinaonline.net\/index.php?rest_route=\/wp\/v2\/types\/post"}],"author":[{"embeddable":true,"href":"https:\/\/burkinaonline.net\/index.php?rest_route=\/wp\/v2\/users\/1"}],"replies":[{"embeddable":true,"href":"https:\/\/burkinaonline.net\/index.php?rest_route=%2Fwp%2Fv2%2Fcomments&post=7498"}],"version-history":[{"count":1,"href":"https:\/\/burkinaonline.net\/index.php?rest_route=\/wp\/v2\/posts\/7498\/revisions"}],"predecessor-version":[{"id":7500,"href":"https:\/\/burkinaonline.net\/index.php?rest_route=\/wp\/v2\/posts\/7498\/revisions\/7500"}],"wp:featuredmedia":[{"embeddable":true,"href":"https:\/\/burkinaonline.net\/index.php?rest_route=\/wp\/v2\/media\/7499"}],"wp:attachment":[{"href":"https:\/\/burkinaonline.net\/index.php?rest_route=%2Fwp%2Fv2%2Fmedia&parent=7498"}],"wp:term":[{"taxonomy":"category","embeddable":true,"href":"https:\/\/burkinaonline.net\/index.php?rest_route=%2Fwp%2Fv2%2Fcategories&post=7498"},{"taxonomy":"post_tag","embeddable":true,"href":"https:\/\/burkinaonline.net\/index.php?rest_route=%2Fwp%2Fv2%2Ftags&post=7498"}],"curies":[{"name":"wp","href":"https:\/\/api.w.org\/{rel}","templated":true}]}}