{"id":7505,"date":"2025-05-28T19:46:09","date_gmt":"2025-05-28T19:46:09","guid":{"rendered":"https:\/\/burkinaonline.net\/?p=7505"},"modified":"2025-05-28T19:47:26","modified_gmt":"2025-05-28T19:47:26","slug":"consmin28052025","status":"publish","type":"post","link":"https:\/\/burkinaonline.net\/?p=7505","title":{"rendered":"\ud835\udc02\ud835\udc0e\ud835\udc0c\ud835\udc0f\ud835\udc13\ud835\udc04 \ud835\udc11\ud835\udc04\ud835\udc0d\ud835\udc03\ud835\udc14 \ud835\udc03\ud835\udc14 \ud835\udc02\ud835\udc0e\ud835\udc0d\ud835\udc12\ud835\udc04\ud835\udc08\ud835\udc0b \ud835\udc03\ud835\udc04\ud835\udc12 \ud835\udc0c\ud835\udc08\ud835\udc0d\ud835\udc08\ud835\udc12\ud835\udc13\ud835\udc11\ud835\udc04\ud835\udc12 \ud835\udc03\ud835\udc14 \ud835\udfd0\ud835\udfd6 \ud835\udc0c\ud835\udc00\ud835\udc08 \ud835\udfd0\ud835\udfce\ud835\udfd0\ud835\udfd3"},"content":{"rendered":"<p>Le Conseil des ministres s\u2019est tenu \u00e0 Ouagadougou,<br \/>\nle mercredi 28 mai 2025,<br \/>\nen s\u00e9ance ordinaire, de 09 H 00 mn \u00e0 12 H 42 mn,<br \/>\nsous la pr\u00e9sidence de<br \/>\nSon Excellence le Capitaine Ibrahim TRAORE,<br \/>\nPr\u00e9sident du Faso, Pr\u00e9sident du Conseil des ministres.<\/p>\n<p>Il a d\u00e9lib\u00e9r\u00e9 sur les dossiers inscrits \u00e0 son ordre du jour,<br \/>\nentendu une communication orale,<br \/>\nproc\u00e9d\u00e9 \u00e0 des nominations<br \/>\net autoris\u00e9 des missions \u00e0 l\u2019\u00e9tranger.<\/p>\n<p>\ud835\udc08. \ud835\udc03\ud835\udc04\ud835\udc0b\ud835\udc08\ud835\udc01\ud835\udc04\ud835\udc11\ud835\udc00\ud835\udc13\ud835\udc08\ud835\udc0e\ud835\udc0d\ud835\udc12<\/p>\n<p>\ud835\udc08.\ud835\udfcf. \ud835\udc00\ud835\udc14 \ud835\udc13\ud835\udc08\ud835\udc13\ud835\udc11\ud835\udc04 \ud835\udc03\ud835\udc14 \ud835\udc0c\ud835\udc08\ud835\udc0d\ud835\udc08\ud835\udc12\ud835\udc13\ud835\udc04\ud835\udc11\ud835\udc04 \ud835\udc03\ud835\udc04 \ud835\udc0b\ud835\udc00 \ud835\udc12\ud835\udc04\ud835\udc02\ud835\udc14\ud835\udc11\ud835\udc08\ud835\udc13\ud835\udc04<\/p>\n<p>Le Conseil a adopt\u00e9 un rapport relatif aux projets sp\u00e9cifiques au titre de l\u2019ann\u00e9e 2025 du minist\u00e8re de la S\u00e9curit\u00e9.<br \/>\nCes projets sp\u00e9cifiques du minist\u00e8re de la S\u00e9curit\u00e9 visent \u00e0 renforcer les capacit\u00e9s op\u00e9rationnelles des Forces de s\u00e9curit\u00e9 int\u00e9rieure d\u00e9ploy\u00e9es sur toute l\u2019\u00e9tendue du territoire national.<br \/>\nIls concernent entre autres, l\u2019acquisition de mat\u00e9riels sp\u00e9cifiques et des effets d\u2019habillement ainsi que l\u2019\u00e9tude et la mise en place d\u2019un dispositif de vid\u00e9o-surveillance incluant un serveur local chiffr\u00e9.<\/p>\n<p>Le co\u00fbt global de ces projets sp\u00e9cifiques s\u2019\u00e9l\u00e8ve \u00e0 neuf milliards six cent dix-neuf millions cent quatre-vingt-dix-huit mille quatre cent cinquante (9 619 198 450) F CFA TTC.<br \/>\nLe financement est assur\u00e9 par le budget de l\u2019Etat, exercice 2025.<\/p>\n<p>\ud835\udc08.\ud835\udfd0. \ud835\udc00\ud835\udc14 \ud835\udc13\ud835\udc08\ud835\udc13\ud835\udc11\ud835\udc04 \ud835\udc03\ud835\udc14 \ud835\udc0c\ud835\udc08\ud835\udc0d\ud835\udc08\ud835\udc12\ud835\udc13\ud835\udc04\ud835\udc11\ud835\udc04 \ud835\udc03\ud835\udc04\ud835\udc12 \ud835\udc00\ud835\udc05\ud835\udc05\ud835\udc00\ud835\udc08\ud835\udc11\ud835\udc04\ud835\udc12 \ud835\udc04\ud835\udc13\ud835\udc11\ud835\udc00\ud835\udc0d\ud835\udc06\ud835\udc04\ud835\udc11\ud835\udc04\ud835\udc12, \ud835\udc03\ud835\udc04 \ud835\udc0b\ud835\udc00 \ud835\udc02\ud835\udc0e\ud835\udc0e\ud835\udc0f\ud835\udc04\ud835\udc11\ud835\udc00\ud835\udc13\ud835\udc08\ud835\udc0e\ud835\udc0d \ud835\udc11\ud835\udc04\ud835\udc06\ud835\udc08\ud835\udc0e\ud835\udc0d\ud835\udc00\ud835\udc0b\ud835\udc04 \ud835\udc04\ud835\udc13 \ud835\udc03\ud835\udc04\ud835\udc12 \ud835\udc01\ud835\udc14\ud835\udc11\ud835\udc0a\ud835\udc08\ud835\udc0d\ud835\udc00\ud835\udc01\ud835\udc04 \ud835\udc03\ud835\udc04 \ud835\udc0b\u2019\ud835\udc04\ud835\udc17\ud835\udc13\ud835\udc04\ud835\udc11\ud835\udc08\ud835\udc04\ud835\udc14\ud835\udc11<\/p>\n<p>Le Conseil a adopt\u00e9 deux (02) rapports.<\/p>\n<p>\ud835\udc0b\ud835\udc1e \ud835\udc29\ud835\udc2b\ud835\udc1e\ud835\udc26\ud835\udc22\ud835\udc1e\ud835\udc2b \ud835\udc2b\ud835\udc1a\ud835\udc29\ud835\udc29\ud835\udc28\ud835\udc2b\ud835\udc2d est relatif \u00e0 une demande d\u2019agr\u00e9ment pour la nomination d\u2019un Ambassadeur Extraordinaire et Pl\u00e9nipotentiaire de la R\u00e9publique de Panama aupr\u00e8s du Burkina Faso.<br \/>\nLe Conseil a marqu\u00e9 son accord pour la nomination de Monsieur Edwin Pitty MADRID, en qualit\u00e9 d\u2019Ambassadeur Extraordinaire et Pl\u00e9nipotentiaire de la R\u00e9publique de Panama aupr\u00e8s du Burkina Faso, avec r\u00e9sidence \u00e0 la Havane (Cuba).<\/p>\n<p>\ud835\udc0b\ud835\udc1e \ud835\udc2c\ud835\udc1e\ud835\udc1c\ud835\udc28\ud835\udc27\ud835\udc1d \ud835\udc2b\ud835\udc1a\ud835\udc29\ud835\udc29\ud835\udc28\ud835\udc2b\ud835\udc2d est relatif \u00e0 un projet de d\u00e9cret de ratification de deux protocoles portant amendement des articles 50(a) et 56 de la Convention relative \u00e0 l\u2019aviation civile internationale, sign\u00e9e \u00e0 Chicago le 07 d\u00e9cembre 1944.<br \/>\nCette convention a fond\u00e9 l\u2019Organisation de l\u2019aviation civile internationale (OACI) dans le but d\u2019aider les Etats \u00e0 coop\u00e9rer et \u00e0 partager leur espace a\u00e9rien. Le Burkina Faso est partie prenante de ladite convention depuis le 21 mars 1962.<\/p>\n<p>En d\u00e9pit du r\u00f4le crucial de l\u2019OACI dans le secteur a\u00e9rien et de l\u2019exp\u00e9rience acquise depuis sa cr\u00e9ation, elle est confront\u00e9e de nos jours \u00e0 un d\u00e9fi organisationnel susceptible d\u2019entraver sa mission au regard de l\u2019accroissement du nombre d\u2019Etats en son sein, de l\u2019importance accrue du transport a\u00e9rien et de son caract\u00e8re strat\u00e9gique.<\/p>\n<p>Face \u00e0 cette situation, certains Etats, notamment africains, ont propos\u00e9 au cours de la 206e session du Conseil de l\u2019OACI, des am\u00e9nagements structurels visant \u00e0 prendre en compte l\u2019ensemble des r\u00e9gions du monde. C\u2019est ainsi que sur recommandation du Conseil, l\u2019Assembl\u00e9e a adopt\u00e9 lors de sa 39e session tenue \u00e0 Montr\u00e9al du 27 septembre au 06 octobre 2016, les amendements aux articles 50(a) et 56 de la Convention de Chicago. A travers ces amendements, le nombre de si\u00e8ges au sein du Conseil de l\u2019OACI doit passer de 36 \u00e0 40 et au niveau de la Commission de la navigation a\u00e9rienne de 19 \u00e0 21.<\/p>\n<p>L\u2019adoption de ce d\u00e9cret permet au Burkina Faso de ratifier les protocoles portant amendement des articles 50(a) et 56 de la Convention relative \u00e0 l\u2019aviation civile internationale.<\/p>\n<p>\ud835\udc08.\ud835\udfd1. \ud835\udc00\ud835\udc14 \ud835\udc13\ud835\udc08\ud835\udc13\ud835\udc11\ud835\udc04 \ud835\udc03\ud835\udc14 \ud835\udc0c\ud835\udc08\ud835\udc0d\ud835\udc08\ud835\udc12\ud835\udc13\ud835\udc04\ud835\udc11\ud835\udc04 \ud835\udc03\ud835\udc04 \ud835\udc0b\ud835\udc00 \ud835\udc05\ud835\udc0e\ud835\udc0d\ud835\udc02\ud835\udc13\ud835\udc08\ud835\udc0e\ud835\udc0d \ud835\udc0f\ud835\udc14\ud835\udc01\ud835\udc0b\ud835\udc08\ud835\udc10\ud835\udc14\ud835\udc04, \ud835\udc03\ud835\udc14 \ud835\udc13\ud835\udc11\ud835\udc00\ud835\udc15\ud835\udc00\ud835\udc08\ud835\udc0b \ud835\udc04\ud835\udc13 \ud835\udc03\ud835\udc04 \ud835\udc0b\ud835\udc00 \ud835\udc0f\ud835\udc11\ud835\udc0e\ud835\udc13\ud835\udc04\ud835\udc02\ud835\udc13\ud835\udc08\ud835\udc0e\ud835\udc0d \ud835\udc12\ud835\udc0e\ud835\udc02\ud835\udc08\ud835\udc00\ud835\udc0b\ud835\udc04<\/p>\n<p>Le Conseil a adopt\u00e9 un d\u00e9cret portant composition, organisation et fonctionnement du Conseil d\u2019administration du secteur minist\u00e9riel et du Conseil de direction.<br \/>\nLa loi n\u00b0081-2015\/CNT du 24 novembre 2015 portant statut g\u00e9n\u00e9ral de la Fonction publique d\u2019Etat, en son article 85, renvoie \u00e0 un texte r\u00e8glementaire pour d\u00e9finir la composition, l\u2019organisation et le fonctionnement du Conseil d\u2019administration du secteur minist\u00e9riel (CASEM) et du Conseil de direction.<br \/>\nCe d\u00e9cret vise l\u2019application de la loi n\u00b0081-2015\/CNT du 24 novembre 2015 portant statut g\u00e9n\u00e9ral de la Fonction publique d\u2019Etat.<\/p>\n<p>L\u2019innovation majeure de ce d\u00e9cret est la r\u00e9vision de la composition des organes pour prendre en compte les r\u00e9am\u00e9nagements op\u00e9r\u00e9s \u00e0 travers le d\u00e9cret n\u00b02024-1170\/PRES\/PM du 04 octobre 2024 portant organisation-type des d\u00e9partements minist\u00e9riels, qui cr\u00e9e de nouveaux postes et partant, de nouveaux responsables.<br \/>\nL\u2019adoption de ce d\u00e9cret permet de renforcer le dispositif de gestion des structures et des d\u00e9partements minist\u00e9riels.<\/p>\n<p>\ud835\udc08.\ud835\udfd2. \ud835\udc00\ud835\udc14 \ud835\udc13\ud835\udc08\ud835\udc13\ud835\udc11\ud835\udc04 \ud835\udc03\ud835\udc14 \ud835\udc0c\ud835\udc08\ud835\udc0d\ud835\udc08\ud835\udc12\ud835\udc13\ud835\udc04\ud835\udc11\ud835\udc04 \ud835\udc03\ud835\udc04 \ud835\udc0b\ud835\udc00 \ud835\udc13\ud835\udc11\ud835\udc00\ud835\udc0d\ud835\udc12\ud835\udc08\ud835\udc13\ud835\udc08\ud835\udc0e\ud835\udc0d \ud835\udc03\ud835\udc08\ud835\udc06\ud835\udc08\ud835\udc13\ud835\udc00\ud835\udc0b\ud835\udc04, \ud835\udc03\ud835\udc04\ud835\udc12 \ud835\udc0f\ud835\udc0e\ud835\udc12\ud835\udc13\ud835\udc04\ud835\udc12 \ud835\udc04\ud835\udc13 \ud835\udc03\ud835\udc04\ud835\udc12 \ud835\udc02\ud835\udc0e\ud835\udc0c\ud835\udc0c\ud835\udc14\ud835\udc0d\ud835\udc08\ud835\udc02\ud835\udc00\ud835\udc13\ud835\udc08\ud835\udc0e\ud835\udc0d\ud835\udc12 \ud835\udc04\ud835\udc0b\ud835\udc04\ud835\udc02\ud835\udc13\ud835\udc11\ud835\udc0e\ud835\udc0d\ud835\udc08\ud835\udc10\ud835\udc14\ud835\udc04\ud835\udc12<br \/>\nLe Conseil a adopt\u00e9 deux (02) rapports.<\/p>\n<p>\ud835\udc0b\ud835\udc1e \ud835\udc29\ud835\udc2b\ud835\udc1e\ud835\udc26\ud835\udc22\ud835\udc1e\ud835\udc2b \ud835\udc2b\ud835\udc1a\ud835\udc29\ud835\udc29\ud835\udc28\ud835\udc2b\ud835\udc2d est relatif \u00e0 un projet de loi portant r\u00e9glementation g\u00e9n\u00e9rale des activit\u00e9s postales au Burkina Faso.<br \/>\nL\u2019ouverture partielle du secteur postal burkinab\u00e8 intervenue en 2010 a fortement contribu\u00e9 \u00e0 la dynamisation de ce secteur. Plus d\u2019une d\u00e9cennie apr\u00e8s cette r\u00e9forme, le secteur postal burkinab\u00e8 reste confront\u00e9 aux d\u00e9fis du num\u00e9rique qui n\u00e9cessite la cr\u00e9ation de services postaux adapt\u00e9s.<\/p>\n<p>Les principales innovations de ce projet de loi sont :<br \/>\n&#8211; l\u2019\u00e9largissement de la notion de service postal aux services \u00e9lectroniques ;<br \/>\n&#8211; la suppression des services postaux r\u00e9serv\u00e9s et la proposition de nouveaux m\u00e9canismes de compensation du Service postal universel (SPU) ;<br \/>\n&#8211; l\u2019am\u00e9lioration des conditions d\u2019exercice des op\u00e9rateurs postaux ;<\/p>\n<p>&#8211; la clarification du r\u00e9gime de la responsabilit\u00e9 des op\u00e9rateurs postaux en faveur du renforcement des droits des usagers ou clients ;<br \/>\n&#8211; la clarification de la notion d\u2019op\u00e9rateur postal et du r\u00e9gime des services postaux ;<br \/>\n&#8211; le renforcement des sanctions administratives et p\u00e9nales.<\/p>\n<p>Le Conseil a marqu\u00e9 son accord pour la transmission dudit projet de loi \u00e0 l\u2019Assembl\u00e9e l\u00e9gislative de Transition.<\/p>\n<p>\ud835\udc0b\ud835\udc1e \ud835\udc2c\ud835\udc1e\ud835\udc1c\ud835\udc28\ud835\udc27\ud835\udc1d \ud835\udc2b\ud835\udc1a\ud835\udc29\ud835\udc29\ud835\udc28\ud835\udc2b\ud835\udc2d est relatif \u00e0 un projet de d\u00e9cret portant nomination d\u2019un Membre et du Pr\u00e9sident du Conseil du service universel des communications \u00e9lectroniques (CSU).<br \/>\nL\u2019adoption de ce d\u00e9cret permet la nomination de Monsieur Nongobzanga ZONGO, Mle 75 05 024 A, Ing\u00e9nieur en t\u00e9l\u00e9communication, Membre et Pr\u00e9sident du Conseil du service universel des communications \u00e9lectroniques (CSU) pour un premier mandat de trois (03) ans.<\/p>\n<p>\ud835\udc08.\ud835\udfd3. \ud835\udc00\ud835\udc14 \ud835\udc13\ud835\udc08\ud835\udc13\ud835\udc11\ud835\udc04 \ud835\udc03\ud835\udc14 \ud835\udc0c\ud835\udc08\ud835\udc0d\ud835\udc08\ud835\udc12\ud835\udc13\ud835\udc04\ud835\udc11\ud835\udc04 \ud835\udc03\ud835\udc04\ud835\udc12 \ud835\udc08\ud835\udc0d\ud835\udc05\ud835\udc11\ud835\udc00\ud835\udc12\ud835\udc13\ud835\udc11\ud835\udc14\ud835\udc02\ud835\udc13\ud835\udc14\ud835\udc11\ud835\udc04\ud835\udc12 \ud835\udc04\ud835\udc13 \ud835\udc03\ud835\udc14 \ud835\udc03\ud835\udc04\ud835\udc12\ud835\udc04\ud835\udc0d\ud835\udc02\ud835\udc0b\ud835\udc00\ud835\udc15\ud835\udc04\ud835\udc0c\ud835\udc04\ud835\udc0d\ud835\udc13<\/p>\n<p>Le Conseil a adopt\u00e9 un d\u00e9cret portant modalit\u00e9s de gestion du p\u00e9age sur les routes bitum\u00e9es \u00e0 l\u2019int\u00e9rieur des limites territoriales du Burkina Faso.<br \/>\nCe d\u00e9cret est une relecture du d\u00e9cret n\u00b02010-131\/PRES\/PM\/MEF du 25 mars 2010 portant modalit\u00e9s de gestion du p\u00e9age sur les routes bitum\u00e9es \u00e0 l\u2019int\u00e9rieur des limites territoriales du Burkina Faso.<\/p>\n<p>Les principales innovations de ce d\u00e9cret sont :<br \/>\n&#8211; la r\u00e9vision des tarifs du p\u00e9age pour les v\u00e9hicules poids lourds en fonction du nombre d\u2019essieux ;<br \/>\n&#8211; la red\u00e9finition des cat\u00e9gories de v\u00e9hicules et engins astreints au p\u00e9age pour r\u00e9pondre \u00e0 la modernisation du syst\u00e8me de gestion des p\u00e9ages ;<\/p>\n<p>&#8211; la prise en compte formelle de la gestion des dommages caus\u00e9s aux installations du p\u00e9age par les usagers ;<br \/>\n&#8211; l\u2019implication du d\u00e9partement en charge de la S\u00e9curit\u00e9, au regard de l\u2019accompagnement des forces de s\u00e9curit\u00e9 dans la gestion des p\u00e9ages.<\/p>\n<p>Pour les v\u00e9hicules l\u00e9gers, les camionnettes, les motocyclettes et tricycles, le tarif reste inchang\u00e9.<br \/>\nL\u2019adoption de ce d\u00e9cret permet une am\u00e9lioration de la gestion du p\u00e9age, conform\u00e9ment \u00e0 la loi n\u00b038-2000\/AN du 14 d\u00e9cembre 2000 portant institution du p\u00e9age sur les routes bitum\u00e9es \u00e0 l\u2019int\u00e9rieur des limites territoriales du Burkina Faso.<\/p>\n<p>\ud835\udc08.\ud835\udfd4. \ud835\udc00\ud835\udc14 \ud835\udc13\ud835\udc08\ud835\udc13\ud835\udc11\ud835\udc04 \ud835\udc03\ud835\udc14 \ud835\udc0c\ud835\udc08\ud835\udc0d\ud835\udc08\ud835\udc12\ud835\udc13\ud835\udc04\ud835\udc11\ud835\udc04 \ud835\udc03\ud835\udc04 \ud835\udc0b\u2019\ud835\udc04\ud835\udc0d\ud835\udc12\ud835\udc04\ud835\udc08\ud835\udc06\ud835\udc0d\ud835\udc04\ud835\udc0c\ud835\udc04\ud835\udc0d\ud835\udc13 \ud835\udc12\ud835\udc04\ud835\udc02\ud835\udc0e\ud835\udc0d\ud835\udc03\ud835\udc00\ud835\udc08\ud835\udc11\ud835\udc04 \ud835\udc04\ud835\udc13 \ud835\udc03\ud835\udc04 \ud835\udc0b\ud835\udc00 \ud835\udc05\ud835\udc0e\ud835\udc11\ud835\udc0c\ud835\udc00\ud835\udc13\ud835\udc08\ud835\udc0e\ud835\udc0d \ud835\udc0f\ud835\udc11\ud835\udc0e\ud835\udc05\ud835\udc04\ud835\udc12\ud835\udc12\ud835\udc08\ud835\udc0e\ud835\udc0d\ud835\udc0d\ud835\udc04\ud835\udc0b\ud835\udc0b\ud835\udc04 \ud835\udc04\ud835\udc13 \ud835\udc13\ud835\udc04\ud835\udc02\ud835\udc07\ud835\udc0d\ud835\udc08\ud835\udc10\ud835\udc14\ud835\udc04<\/p>\n<p>Le Conseil a adopt\u00e9 un rapport relatif aux projets sp\u00e9cifiques au titre de l\u2019ann\u00e9e 2025 du minist\u00e8re de l\u2019Enseignement secondaire et de la formation professionnelle et technique.<br \/>\nLa cr\u00e9ation du minist\u00e8re de l\u2019Enseignement secondaire et de la formation professionnelle et technique a pour objectifs non seulement de moderniser le champ d\u2019action dudit minist\u00e8re, mais aussi d\u2019inverser la tendance de fr\u00e9quentation de l\u2019enseignement et de la formation techniques et professionnels vis-\u00e0-vis de l\u2019enseignement g\u00e9n\u00e9ral. L\u2019atteinte de ces objectifs passe notamment par la construction et l\u2019\u00e9quipement d\u2019infrastructures.<\/p>\n<p>Ces projets sp\u00e9cifiques concernent :<br \/>\n&#8211; l\u2019\u00e9quipement et la r\u00e9habilitation d\u2019\u00e9tablissements professionnels ;<br \/>\n&#8211; l\u2019acquisition de mati\u00e8res d\u2019\u0153uvre pour des \u00e9tablissements professionnels ;<br \/>\n&#8211; l\u2019acquisition de dipl\u00f4mes vierges s\u00e9curis\u00e9s et l\u2019\u00e9quipement d\u2019\u00e9tablissements professionnels.<\/p>\n<p>Le co\u00fbt global de ces projets sp\u00e9cifiques s\u2019\u00e9l\u00e8ve \u00e0 cinq milliards six cent quinze millions sept cent soixante-trois mille cent cinq (5 615 763 105) F CFA.<br \/>\nLe financement est assur\u00e9 par le budget de l\u2019Etat, exercice 2025.<\/p>\n<p>\ud835\udc08.\ud835\udfd5. \ud835\udc00\ud835\udc14 \ud835\udc13\ud835\udc08\ud835\udc13\ud835\udc11\ud835\udc04 \ud835\udc03\ud835\udc14 \ud835\udc0c\ud835\udc08\ud835\udc0d\ud835\udc08\ud835\udc12\ud835\udc13\ud835\udc04\ud835\udc11\ud835\udc04 \ud835\udc03\ud835\udc04 \ud835\udc0b\u2019\ud835\udc04\ud835\udc0d\ud835\udc12\ud835\udc04\ud835\udc08\ud835\udc06\ud835\udc0d\ud835\udc04\ud835\udc0c\ud835\udc04\ud835\udc0d\ud835\udc13 \ud835\udc12\ud835\udc14\ud835\udc0f\ud835\udc04\ud835\udc11\ud835\udc08\ud835\udc04\ud835\udc14\ud835\udc11, \ud835\udc03\ud835\udc04 \ud835\udc0b\ud835\udc00 \ud835\udc11\ud835\udc04\ud835\udc02\ud835\udc07\ud835\udc04\ud835\udc11\ud835\udc02\ud835\udc07\ud835\udc04 \ud835\udc04\ud835\udc13 \ud835\udc03\ud835\udc04 \ud835\udc0b\u2019\ud835\udc08\ud835\udc0d\ud835\udc0d\ud835\udc0e\ud835\udc15\ud835\udc00\ud835\udc13\ud835\udc08\ud835\udc0e\ud835\udc0d<\/p>\n<p>Le Conseil a adopt\u00e9 un rapport relatif aux projets sp\u00e9cifiques au titre de l\u2019ann\u00e9e 2025 du minist\u00e8re de l\u2019Enseignement sup\u00e9rieur, de la recherche et de l\u2019innovation.<br \/>\nCes projets sp\u00e9cifiques s\u2019inscrivent dans le cadre de la mise en \u0153uvre du Plan national d\u2019action de d\u00e9veloppement de l\u2019enseignement sup\u00e9rieur (PNADES) et concourent \u00e0 la r\u00e9alisation des objectifs prioritaires du Plan d\u2019action pour la stabilisation et le d\u00e9veloppement (PA-SD).<\/p>\n<p>Ces projets sp\u00e9cifiques concernent :<br \/>\n&#8211; la r\u00e9alisation d\u2019infrastructures et la r\u00e9novation de b\u00e2timents \u00e0 Bagr\u00e9p\u00f4le et \u00e0 l\u2019Universit\u00e9 L\u00e9d\u00e9a Bernard OUEDRAOGO ;<br \/>\n&#8211; l\u2019acquisition d\u2019\u00e9quipements, de fournitures et consommables pour la recherche, les travaux pratiques, la connexion internet et la s\u00e9curisation des dipl\u00f4mes dans les Institutions d\u2019enseignement sup\u00e9rieur et de recherche (IESR).<\/p>\n<p>Le co\u00fbt global de ces projets sp\u00e9cifiques s\u2019\u00e9l\u00e8ve \u00e0 un milliard six cent millions six cent soixante et onze mille cinq (1 600 671 005) F CFA.<br \/>\nLe financement est assur\u00e9 par le budget de l\u2019Etat, exercice 2025.<\/p>\n<p>\ud835\udc08.\ud835\udfd6. \ud835\udc00\ud835\udc14 \ud835\udc13\ud835\udc08\ud835\udc13\ud835\udc11\ud835\udc04 \ud835\udc03\ud835\udc14 \ud835\udc0c\ud835\udc08\ud835\udc0d\ud835\udc08\ud835\udc12\ud835\udc13\ud835\udc04\ud835\udc11\ud835\udc04 \ud835\udc03\ud835\udc04 \ud835\udc0b\u2019\ud835\udc04\ud835\udc0d\ud835\udc15\ud835\udc08\ud835\udc11\ud835\udc0e\ud835\udc0d\ud835\udc0d\ud835\udc04\ud835\udc0c\ud835\udc04\ud835\udc0d\ud835\udc13, \ud835\udc03\ud835\udc04 \ud835\udc0b\u2019\ud835\udc04\ud835\udc00\ud835\udc14 \ud835\udc04\ud835\udc13 \ud835\udc03\ud835\udc04 \ud835\udc0b\u2019\ud835\udc00\ud835\udc12\ud835\udc12\ud835\udc00\ud835\udc08\ud835\udc0d\ud835\udc08\ud835\udc12\ud835\udc12\ud835\udc04\ud835\udc0c\ud835\udc04\ud835\udc0d\ud835\udc13<\/p>\n<p>Le Conseil a adopt\u00e9 un d\u00e9cret portant conditions et modalit\u00e9s d\u2019acc\u00e8s aux ressources g\u00e9n\u00e9tiques, \u00e0 leurs d\u00e9riv\u00e9s et informations de s\u00e9quen\u00e7age num\u00e9rique, aux connaissances traditionnelles associ\u00e9es ainsi qu\u2019au partage juste et \u00e9quitable des avantages d\u00e9coulant de leur utilisation.<\/p>\n<p>Ce d\u00e9cret a pour objectif de mettre en place un cadre juridique et institutionnel afin de mieux encadrer les diff\u00e9rents m\u00e9canismes d\u2019acc\u00e8s aux ressources g\u00e9n\u00e9tiques et\/ou aux connaissances traditionnelles associ\u00e9es, tout en veillant au partage juste et \u00e9quitable des avantages d\u00e9coulant de leur utilisation. Il vient en application des dispositions du Code forestier et de la loi n\u00b0070-2015\/CNT du 22 octobre 2015 portant loi d\u2019orientation agro-sylvo-pastorale, halieutique et faunique.<br \/>\nL\u2019adoption de ce d\u00e9cret permet au Burkina Faso de prot\u00e9ger son patrimoine g\u00e9n\u00e9tique et les connaissances traditionnelles associ\u00e9es contre la biopiraterie et de pr\u00e9server la souverainet\u00e9 de ses ressources naturelles.<\/p>\n<p>\ud835\udc08.\ud835\udfd7. \ud835\udc00\ud835\udc14 \ud835\udc13\ud835\udc08\ud835\udc13\ud835\udc11\ud835\udc04 \ud835\udc03\ud835\udc14 \ud835\udc0c\ud835\udc08\ud835\udc0d\ud835\udc08\ud835\udc12\ud835\udc13\ud835\udc04\ud835\udc11\ud835\udc04 \ud835\udc03\ud835\udc04\ud835\udc12 \ud835\udc12\ud835\udc0f\ud835\udc0e\ud835\udc11\ud835\udc13\ud835\udc12, \ud835\udc03\ud835\udc04 \ud835\udc0b\ud835\udc00 \ud835\udc09\ud835\udc04\ud835\udc14\ud835\udc0d\ud835\udc04\ud835\udc12\ud835\udc12\ud835\udc04 \ud835\udc04\ud835\udc13 \ud835\udc03\ud835\udc04 \ud835\udc0b\u2019\ud835\udc04\ud835\udc0c\ud835\udc0f\ud835\udc0b\ud835\udc0e\ud835\udc08<\/p>\n<p>Le Conseil a adopt\u00e9 un rapport relatif \u00e0 un projet sp\u00e9cifique au titre de l\u2019ann\u00e9e 2025 du minist\u00e8re des Sports, de la jeunesse et de l\u2019emploi.<br \/>\nCe projet sp\u00e9cifique concerne l\u2019acquisition d\u2019un groupe \u00e9lectrog\u00e8ne de 1500 kVA au profit du Stade du 4-ao\u00fbt et d\u2019un de 80 kVA au profit du Centre omnisport des Etalons (COMET) pour un montant global de quatre cent un million six cent mille (401 600 000) F CFA TTC.<br \/>\nLe financement est assur\u00e9 par le budget de l\u2019Etat, exercice 2025.<\/p>\n<p>\ud835\udc08\ud835\udc08. \ud835\udc02\ud835\udc0e\ud835\udc0c\ud835\udc0c\ud835\udc14\ud835\udc0d\ud835\udc08\ud835\udc02\ud835\udc00\ud835\udc13\ud835\udc08\ud835\udc0e\ud835\udc0d \ud835\udc0e\ud835\udc11\ud835\udc00\ud835\udc0b\ud835\udc04<\/p>\n<p>II. Le ministre de la Communication, de la culture, des arts et du tourisme a fait au Conseil une communication relative \u00e0 l\u2019organisation de la 7e \u00e9dition du \u00ab Prix national de l\u2019entrepreneur touristique (PNET) \u00bb, pr\u00e9vue du 9 au 10 octobre 2025 \u00e0 Tenkodogo dans la r\u00e9gion du Centre-Est.<br \/>\nPlac\u00e9e sous le th\u00e8me \u00ab Comp\u00e9titivit\u00e9 des entreprises touristiques et promotion de la destination Burkina Faso \u00bb, l\u2019\u00e9dition 2025 du \u00ab Prix national de l\u2019entrepreneur touristique \u00bb sera marqu\u00e9e par la tenue le 10 octobre 2025 de la soir\u00e9e des r\u00e9compenses d\u00e9nomm\u00e9e \u00ab Nuit de l\u2019entrepreneur touristique \u00bb.<\/p>\n<p>L\u2019innovation de cette \u00e9dition est l\u2019institution de trois (03) nouvelles r\u00e9compenses \u00e0 savoir, le prix officiel de la meilleure agence d\u2019h\u00f4tes et d\u2019h\u00f4tesses d\u2019accueil, le prix sp\u00e9cial du meilleur entrepreneur touristique de la r\u00e9gion h\u00f4te du PNET et le prix sp\u00e9cial Faso tourisme pour la promotion du tourisme interne.<br \/>\nLe Prix national de l\u2019entrepreneur touristique vise \u00e0 r\u00e9compenser le m\u00e9rite des entrepreneurs touristiques qui se sont distingu\u00e9s au cours de l\u2019ann\u00e9e dans les fili\u00e8res de l\u2019h\u00e9bergement, la restauration, des voyages et circuits touristiques, de l\u2019accueil et l\u2019animation touristique. Ce prix a \u00e9galement pour objet d\u2019instaurer une saine \u00e9mulation entre les professionnels du secteur du tourisme burkinab\u00e8.<\/p>\n<p>\ud835\udc08\ud835\udc08\ud835\udc08. \ud835\udc0d\ud835\udc0e\ud835\udc0c\ud835\udc08\ud835\udc0d\ud835\udc00\ud835\udc13\ud835\udc08\ud835\udc0e\ud835\udc0d\ud835\udc12<\/p>\n<p>&nbsp;<\/p>\n<p>\ud835\udc08\ud835\udc08\ud835\udc08. \ud835\udc0d\ud835\udc0e\ud835\udc0c\ud835\udc08\ud835\udc0d\ud835\udc00\ud835\udc13\ud835\udc08\ud835\udc0e\ud835\udc0d\ud835\udc12 \ud835\udc03\ud835\udc00\ud835\udc0d\ud835\udc12 \ud835\udc0b\ud835\udc04\ud835\udc12 \ud835\udc05\ud835\udc0e\ud835\udc0d\ud835\udc02\ud835\udc13\ud835\udc08\ud835\udc0e\ud835\udc0d\ud835\udc12 \ud835\udc08\ud835\udc0d\ud835\udc03\ud835\udc08\ud835\udc15\ud835\udc08\ud835\udc03\ud835\udc14\ud835\udc04\ud835\udc0b\ud835\udc0b\ud835\udc04\ud835\udc12<\/p>\n<p>\ud835\udc00. \ud835\udc00\ud835\udc14 \ud835\udc13\ud835\udc08\ud835\udc13\ud835\udc11\ud835\udc04 \ud835\udc03\ud835\udc04 \ud835\udc0b\ud835\udc00 \ud835\udc0f\ud835\udc11\ud835\udc08\ud835\udc0c\ud835\udc00\ud835\udc13\ud835\udc14\ud835\udc11\ud835\udc04<br \/>\n&#8211; Monsieur Silas KEITA, Officier, est nomm\u00e9 Conseiller sp\u00e9cial charg\u00e9 de la d\u00e9fense et de la s\u00e9curit\u00e9 ;<br \/>\n&#8211; Madame Aguiratou TOU\/NANA, Mle 216 748 K, Conseiller en emploi et en formation professionnelle, 1\u00e8re classe, 9e \u00e9chelon, est nomm\u00e9e Conseiller sp\u00e9cial charg\u00e9 de l\u2019\u00e9ducation, genre et coh\u00e9sion sociale ;<\/p>\n<p>&#8211; Monsieur Charles BAYALA, Mle 53 609 L, Administrateur des services financiers, 1\u00e8re classe, 8e \u00e9chelon, est nomm\u00e9 Inspecteur g\u00e9n\u00e9ral des services ;<br \/>\n&#8211; Monsieur Wendpanga Michel Abdoul Kader KONDOMBO, Mle 520 264 K, Gestionnaire de projet, est nomm\u00e9 Charg\u00e9 de mission ;<br \/>\n&#8211; Madame Windemi Pauline TOE\/SABA, Mle 104 288 G, Administrateur des services financiers, 1\u00e8re classe, 11e \u00e9chelon, est nomm\u00e9e Directrice de la gestion des finances.<\/p>\n<p>\ud835\udc01. \ud835\udc00\ud835\udc14 \ud835\udc13\ud835\udc08\ud835\udc13\ud835\udc11\ud835\udc04 \ud835\udc03\ud835\udc14 \ud835\udc0c\ud835\udc08\ud835\udc0d\ud835\udc08\ud835\udc12\ud835\udc13\ud835\udc04\ud835\udc11\ud835\udc04 \ud835\udc03\ud835\udc04 \ud835\udc0b\u2019\ud835\udc04\ud835\udc02\ud835\udc0e\ud835\udc0d\ud835\udc0e\ud835\udc0c\ud835\udc08\ud835\udc04 \ud835\udc04\ud835\udc13 \ud835\udc03\ud835\udc04\ud835\udc12 \ud835\udc05\ud835\udc08\ud835\udc0d\ud835\udc00\ud835\udc0d\ud835\udc02\ud835\udc04\ud835\udc12<\/p>\n<p>&#8211; Madame Ba\u00eflaou A\u00efssa GANOU\/HOUNTONDJI, Mle 46 213 Y, Administrateur des services financiers, 1\u00e8re classe, 11e \u00e9chelon, est nomm\u00e9e Inspecteur technique du budget ;<br \/>\n&#8211; Madame Arlette Pulch\u00e9rie YERBANGA, Mle 59 643 B, Administrateur des services financiers, 1\u00e8re classe, 12e \u00e9chelon, est nomm\u00e9e Inspecteur technique du budget ;<br \/>\n&#8211; Madame Sidyida Nathalie 1\u00e8re jumelle KY\/DAMIBA, Mle 111 122 S, Administrateur des services financiers, 1\u00e8re classe, 8e \u00e9chelon, est nomm\u00e9e Inspecteur technique du budget ;<\/p>\n<p>&#8211; Madame Wendpagnangd\u00e9 L\u00e9once KONFE\/NONGUEGNAGHMA, Mle 104 257 K, Administrateur des services financiers, 1\u00e8re classe, 11e \u00e9chelon, est nomm\u00e9e Inspecteur technique du budget ;<br \/>\n&#8211; Monsieur Inoussa OUIMINGA, Mle 54 655 R, Administrateur des services financiers, 1\u00e8re classe, 14e \u00e9chelon, est nomm\u00e9 Inspecteur des finances ;<br \/>\n&#8211; Monsieur Yemboini Bonaventure OUOBA, Cadre de banque, est nomm\u00e9 Directeur g\u00e9n\u00e9ral de la Soci\u00e9t\u00e9 PROPHARM SA.<\/p>\n<p>\ud835\udc02. \ud835\udc00\ud835\udc14 \ud835\udc13\ud835\udc08\ud835\udc13\ud835\udc11\ud835\udc04 \ud835\udc03\ud835\udc14 \ud835\udc0c\ud835\udc08\ud835\udc0d\ud835\udc08\ud835\udc12\ud835\udc13\ud835\udc04\ud835\udc11\ud835\udc04 \ud835\udc03\ud835\udc04 \ud835\udc0b\ud835\udc00 \ud835\udc12\ud835\udc04\ud835\udc02\ud835\udc14\ud835\udc11\ud835\udc08\ud835\udc13\ud835\udc04<\/p>\n<p>&#8211; Monsieur Boureima BARRY, Mle 247 202 V, Conseiller d\u2019intendance scolaire et universitaire, 1\u00e8re classe, 4e \u00e9chelon, est nomm\u00e9 Personne Responsable de la commande publique de l\u2019Office national de s\u00e9curisation des sites miniers (ONASSIM).<\/p>\n<p>\ud835\udc03. \ud835\udc00\ud835\udc14 \ud835\udc13\ud835\udc08\ud835\udc13\ud835\udc11\ud835\udc04 \ud835\udc03\ud835\udc14 \ud835\udc0c\ud835\udc08\ud835\udc0d\ud835\udc08\ud835\udc12\ud835\udc13\ud835\udc04\ud835\udc11\ud835\udc04 \ud835\udc03\ud835\udc04 \ud835\udc0b\ud835\udc00 \ud835\udc05\ud835\udc0e\ud835\udc0d\ud835\udc02\ud835\udc13\ud835\udc08\ud835\udc0e\ud835\udc0d \ud835\udc0f\ud835\udc14\ud835\udc01\ud835\udc0b\ud835\udc08\ud835\udc10\ud835\udc14\ud835\udc04, \ud835\udc03\ud835\udc14 \ud835\udc13\ud835\udc11\ud835\udc00\ud835\udc15\ud835\udc00\ud835\udc08\ud835\udc0b \ud835\udc04\ud835\udc13 \ud835\udc03\ud835\udc04 \ud835\udc0b\ud835\udc00 \ud835\udc0f\ud835\udc11\ud835\udc0e\ud835\udc13\ud835\udc04\ud835\udc02\ud835\udc13\ud835\udc08\ud835\udc0e\ud835\udc0d \ud835\udc12\ud835\udc0e\ud835\udc02\ud835\udc08\ud835\udc00\ud835\udc0b\ud835\udc04<\/p>\n<p>&#8211; Monsieur Souma\u00efla BARRO, Mle 59 693 F, Conseiller en gestion des ressources humaines, 1\u00e8re classe, 11e \u00e9chelon, est nomm\u00e9 Charg\u00e9 de mission ;<br \/>\n&#8211; Monsieur Mathurin OUEDRAOGO, Mle 34 943 E, Conseiller en gestion des ressources humaines, 1\u00e8re classe, 8e \u00e9chelon, est nomm\u00e9 Charg\u00e9 d\u2019\u00e9tudes ;<br \/>\n&#8211; Monsieur Wendlasida Yanne Innocent KABORE, Mle 217 033 J, Conseiller en gestion des ressources humaines, 1\u00e8re classe, 5e \u00e9chelon, est nomm\u00e9 Chef du d\u00e9partement du d\u00e9veloppement de la politique des ressources humaines.<\/p>\n<p>\ud835\udc04. \ud835\udc00\ud835\udc14 \ud835\udc13\ud835\udc08\ud835\udc13\ud835\udc11\ud835\udc04 \ud835\udc03\ud835\udc14 \ud835\udc0c\ud835\udc08\ud835\udc0d\ud835\udc08\ud835\udc12\ud835\udc13\ud835\udc04\ud835\udc11\ud835\udc04 \ud835\udc03\ud835\udc04 \ud835\udc0b\u2019\ud835\udc00\ud835\udc02\ud835\udc13\ud835\udc08\ud835\udc0e\ud835\udc0d \ud835\udc07\ud835\udc14\ud835\udc0c\ud835\udc00\ud835\udc0d\ud835\udc08\ud835\udc13\ud835\udc00\ud835\udc08\ud835\udc11\ud835\udc04 \ud835\udc04\ud835\udc13 \ud835\udc03\ud835\udc04 \ud835\udc0b\ud835\udc00 \ud835\udc12\ud835\udc0e\ud835\udc0b\ud835\udc08\ud835\udc03\ud835\udc00\ud835\udc11\ud835\udc08\ud835\udc13\ud835\udc04 \ud835\udc0d\ud835\udc00\ud835\udc13\ud835\udc08\ud835\udc0e\ud835\udc0d\ud835\udc00\ud835\udc0b\ud835\udc04<\/p>\n<p>&#8211; Monsieur Karim ZINA, Mle 51 706 J, Administrateur des affaires sociales, 1\u00e8re classe, 9e \u00e9chelon, est nomm\u00e9 Inspecteur g\u00e9n\u00e9ral des services ;<br \/>\n&#8211; Monsieur Isaie FORO, Mle 46 400 C, Administrateur des affaires sociales, 1\u00e8re classe, 12e \u00e9chelon, est nomm\u00e9 Directeur g\u00e9n\u00e9ral de la solidarit\u00e9 et du rel\u00e8vement ;<br \/>\n&#8211; Madame Th\u00e9r\u00e8se Val\u00e9rie SANOU, Mle 220 409 M, Conseiller en promotion du genre, 1\u00e8re classe, 8e \u00e9chelon, est nomm\u00e9e Directrice g\u00e9n\u00e9rale de la promotion de la femme et du genre ;<\/p>\n<p>&#8211; Monsieur Windkouni Benjamin OUEDRAOGO, Mle 205 354 S, Inspecteur d\u2019\u00e9ducation sp\u00e9cialis\u00e9e, 1\u00e8re clase, 6e \u00e9chelon, est nomm\u00e9 Directeur g\u00e9n\u00e9ral de la famille et de l\u2019enfant ;<br \/>\n&#8211; Monsieur Ousseini SORO, Mle 108 486 H, Inspecteur d\u2019\u00e9ducation de jeunes enfants, 1\u00e8re classe, 11e \u00e9chelon, est nomm\u00e9 Directeur g\u00e9n\u00e9ral des \u00e9tudes et des statistiques sectorielles ;<br \/>\n&#8211; Monsieur Moussa Bambink\u00e8ta OUEDRAOGO, Mle 55 809 B, Administrateur des affaires sociales, 1\u00e8re classe, 9e \u00e9chelon, est nomm\u00e9 Coordonnateur du Comit\u00e9 minist\u00e9riel de lutte contre le Sida et les Infections sexuellement transmissibles (CMLS-IST) ;<\/p>\n<p>&#8211; Monsieur Idrissa OUEDRAOGO, Mle 200 258 V, Administrateur des services financiers, 1\u00e8re classe, 5e \u00e9chelon, est nomm\u00e9 Directeur de l\u2019administration des finances au Secr\u00e9tariat permanent du Conseil national de secours d\u2019urgence et de r\u00e9habilitation (CONASUR) ;<br \/>\n&#8211; Monsieur Youssion NAPON, Mle 57 226 F, Administrateur des affaires sociales, 1\u00e8re classe, 7e \u00e9chelon, est nomm\u00e9 Directeur r\u00e9gional de l\u2019Action humanitaire et de la solidarit\u00e9 nationale du Centre ;<br \/>\n&#8211; Monsieur Abdou GUEBRE, Mle 55 814 E, Inspecteur d\u2019\u00e9ducation sp\u00e9cialis\u00e9e, 1\u00e8re classe, 7e \u00e9chelon, est nomm\u00e9 Directeur provincial de l\u2019Action humanitaire et de la solidarit\u00e9 nationale du Kadiogo.<\/p>\n<p>\ud835\udc05. \ud835\udc00\ud835\udc14 \ud835\udc13\ud835\udc08\ud835\udc13\ud835\udc11\ud835\udc04 \ud835\udc03\ud835\udc14 \ud835\udc0c\ud835\udc08\ud835\udc0d\ud835\udc08\ud835\udc12\ud835\udc13\ud835\udc04\ud835\udc11\ud835\udc04 \ud835\udc03\ud835\udc04 \ud835\udc0b\ud835\udc00 \ud835\udc09\ud835\udc14\ud835\udc12\ud835\udc13\ud835\udc08\ud835\udc02\ud835\udc04 \ud835\udc04\ud835\udc13 \ud835\udc03\ud835\udc04\ud835\udc12 \ud835\udc03\ud835\udc11\ud835\udc0e\ud835\udc08\ud835\udc13\ud835\udc12 \ud835\udc07\ud835\udc14\ud835\udc0c\ud835\udc00\ud835\udc08\ud835\udc0d\ud835\udc12, \ud835\udc02\ud835\udc07\ud835\udc00\ud835\udc11\ud835\udc06\ud835\udc04 \ud835\udc03\ud835\udc04\ud835\udc12 \ud835\udc11\ud835\udc04\ud835\udc0b\ud835\udc00\ud835\udc13\ud835\udc08\ud835\udc0e\ud835\udc0d\ud835\udc12 \ud835\udc00\ud835\udc15\ud835\udc04\ud835\udc02 \ud835\udc0b\ud835\udc04\ud835\udc12 \ud835\udc08\ud835\udc0d\ud835\udc12\ud835\udc13\ud835\udc08\ud835\udc13\ud835\udc14\ud835\udc13\ud835\udc08\ud835\udc0e\ud835\udc0d\ud835\udc12<\/p>\n<p>&#8211; Monsieur Kiswensida Modeste BERE, Mle 79 647 L, Conseiller d\u2019administration scolaire et universitaire, 1\u00e8re classe, 10e \u00e9chelon, est nomm\u00e9 Directeur de l\u2019innovation et de la prospective \u00e0 la Commission de l\u2019information et des libert\u00e9s (CIL) ;<br \/>\n&#8211; Monsieur Albert KABRE, Mle 203 369 M, Inspecteur de s\u00e9curit\u00e9 p\u00e9nitentiaire divisionnaire, cat\u00e9gorie 1, 1er \u00e9chelon, est nomm\u00e9 Directeur de la recherche, de la planification et des statistiques \u00e0 l\u2019Ecole nationale de la garde de s\u00e9curit\u00e9 p\u00e9nitentiaire (ENGSP) ;<\/p>\n<p>&#8211; Monsieur Oueyik\u00e8 Roger KOBIE, Mle 222 274 L, Inspecteur de s\u00e9curit\u00e9 p\u00e9nitentiaire, cat\u00e9gorie 1, 2e \u00e9chelon, est nomm\u00e9 Directeur de la communication et des relations publiques \u00e0 l\u2019Ecole nationale de la garde de s\u00e9curit\u00e9 p\u00e9nitentiaire ;<br \/>\n&#8211; Monsieur Lacina COULIBALY, Mle 59 944 X, Inspecteur de s\u00e9curit\u00e9 p\u00e9nitentiaire principal, cat\u00e9gorie 1, 3e \u00e9chelon, est nomm\u00e9 Directeur des \u00e9tudes et des stages \u00e0 l\u2019Ecole nationale de la garde de s\u00e9curit\u00e9 p\u00e9nitentiaire ;<br \/>\n&#8211; Monsieur Emmanuel ZANTE, Mle 88 805 R, Inspecteur de s\u00e9curit\u00e9 p\u00e9nitentiaire, cat\u00e9gorie 1, 3e \u00e9chelon, est nomm\u00e9 Directeur de l\u2019instruction technique et de la s\u00e9curit\u00e9 \u00e0 l\u2019Ecole nationale de la garde de s\u00e9curit\u00e9 p\u00e9nitentiaire.<\/p>\n<p>\ud835\udc06. \ud835\udc00\ud835\udc14 \ud835\udc13\ud835\udc08\ud835\udc13\ud835\udc11\ud835\udc04 \ud835\udc03\ud835\udc14 \ud835\udc0c\ud835\udc08\ud835\udc0d\ud835\udc08\ud835\udc12\ud835\udc13\ud835\udc04\ud835\udc11\ud835\udc04 \ud835\udc0b\u2019\ud835\udc08\ud835\udc0d\ud835\udc03\ud835\udc14\ud835\udc12\ud835\udc13\ud835\udc11\ud835\udc08\ud835\udc04, \ud835\udc03\ud835\udc14 \ud835\udc02\ud835\udc0e\ud835\udc0c\ud835\udc0c\ud835\udc04\ud835\udc11\ud835\udc02\ud835\udc04 \ud835\udc04\ud835\udc13 \ud835\udc03\ud835\udc04 \ud835\udc0b\u2019\ud835\udc00\ud835\udc11\ud835\udc13\ud835\udc08\ud835\udc12\ud835\udc00\ud835\udc0d\ud835\udc00\ud835\udc13<br \/>\n&#8211; Monsieur Djiswene Roger RAMDE, Mle 343 473 H, Conseiller des affaires \u00e9conomiques, 1\u00e8re classe, 4e \u00e9chelon, est nomm\u00e9 Directeur g\u00e9n\u00e9ral du d\u00e9veloppement industriel.<\/p>\n<p>\ud835\udc07. \ud835\udc00\ud835\udc14 \ud835\udc13\ud835\udc08\ud835\udc13\ud835\udc11\ud835\udc04 \ud835\udc03\ud835\udc14 \ud835\udc0c\ud835\udc08\ud835\udc0d\ud835\udc08\ud835\udc12\ud835\udc13\ud835\udc04\ud835\udc11\ud835\udc04 \ud835\udc03\ud835\udc04\ud835\udc12 \ud835\udc08\ud835\udc0d\ud835\udc05\ud835\udc11\ud835\udc00\ud835\udc12\ud835\udc13\ud835\udc11\ud835\udc14\ud835\udc02\ud835\udc13\ud835\udc14\ud835\udc11\ud835\udc04\ud835\udc12 \ud835\udc04\ud835\udc13 \ud835\udc03\ud835\udc14 \ud835\udc03\ud835\udc04\ud835\udc12\ud835\udc04\ud835\udc0d\ud835\udc02\ud835\udc0b\ud835\udc00\ud835\udc15\ud835\udc04\ud835\udc0c\ud835\udc04\ud835\udc0d\ud835\udc13<br \/>\n&#8211; Monsieur Hamado SAWADOGO, Mle 117 449 T, Ing\u00e9nieur de conception en g\u00e9nie civil, 1\u00e8re classe, 4e \u00e9chelon, est nomm\u00e9 Directeur r\u00e9gional des Infrastructures et du d\u00e9senclavement du Centre-Est ;<br \/>\n&#8211; Monsieur Boris Ati\u00e9gba HADA, Mle 391 742 L, Ing\u00e9nieur de conception en g\u00e9nie civil, 1\u00e8re classe, 2e \u00e9chelon, est nomm\u00e9 Directeur provincial des Infrastructures et du d\u00e9senclavement du Nahouri.<\/p>\n<p>\ud835\udc08. \ud835\udc00\ud835\udc14 \ud835\udc13\ud835\udc08\ud835\udc13\ud835\udc11\ud835\udc04 \ud835\udc03\ud835\udc14 \ud835\udc0c\ud835\udc08\ud835\udc0d\ud835\udc08\ud835\udc12\ud835\udc13\ud835\udc04\ud835\udc11\ud835\udc04 \ud835\udc03\ud835\udc04 \ud835\udc0b\u2019\ud835\udc04\ud835\udc0d\ud835\udc12\ud835\udc04\ud835\udc08\ud835\udc06\ud835\udc0d\ud835\udc04\ud835\udc0c\ud835\udc04\ud835\udc0d\ud835\udc13 \ud835\udc12\ud835\udc04\ud835\udc02\ud835\udc0e\ud835\udc0d\ud835\udc03\ud835\udc00\ud835\udc08\ud835\udc11\ud835\udc04 \ud835\udc04\ud835\udc13 \ud835\udc03\ud835\udc04 \ud835\udc0b\ud835\udc00 \ud835\udc05\ud835\udc0e\ud835\udc11\ud835\udc0c\ud835\udc00\ud835\udc13\ud835\udc08\ud835\udc0e\ud835\udc0d \ud835\udc0f\ud835\udc11\ud835\udc0e\ud835\udc05\ud835\udc04\ud835\udc12\ud835\udc12\ud835\udc08\ud835\udc0e\ud835\udc0d\ud835\udc0d\ud835\udc04\ud835\udc0b\ud835\udc0b\ud835\udc04 \ud835\udc04\ud835\udc13 \ud835\udc13\ud835\udc04\ud835\udc02\ud835\udc07\ud835\udc0d\ud835\udc08\ud835\udc10\ud835\udc14\ud835\udc04<\/p>\n<p>&#8211; Monsieur Batogniza Charles BASSANE, Mle 75 556 V, Professeur certifi\u00e9 des lyc\u00e9es et coll\u00e8ges, 1\u00e8re classe, 10e \u00e9chelon, est nomm\u00e9 Inspecteur technique des services ;<br \/>\n&#8211; Monsieur Barnab\u00e9 BADOMA, Mle 43 585 B, Conseiller d\u2019intendance scolaire et universitaire, 1\u00e8re classe, 12e \u00e9chelon, est nomm\u00e9 Inspecteur technique des services ;<br \/>\n&#8211; Madame Nawo Sabine COULIBALY, Mle 86 006 K, Inspecteur de l\u2019enseignement secondaire, cat\u00e9gorie PB, 1\u00e8re classe, 17e \u00e9chelon, est nomm\u00e9e Inspecteur technique des services ;<\/p>\n<p>&#8211; Monsieur Jean Marie Vianney KY, Mle 43 346 B, Inspecteur de l\u2019enseignement secondaire, cat\u00e9gorie PB, 2e classe, 12e \u00e9chelon, est nomm\u00e9 Inspecteur technique des services ;<br \/>\n&#8211; Monsieur Sidiki KOULIBALY, Mle 41 388 J, Inspecteur de l\u2019enseignement secondaire, cat\u00e9gorie PB, 2e classe, 10e \u00e9chelon, est nomm\u00e9 Inspecteur technique des services ;<br \/>\n&#8211; Monsieur Alladary COULIBALY, Mle 41 325 W, Inspecteur de l\u2019enseignement secondaire, cat\u00e9gorie PB, 2e classe, 11e \u00e9chelon, est nomm\u00e9 Inspecteur technique des services ;<\/p>\n<p>&#8211; Monsieur Mahmoud OUEDRAOGO, Mle 44 027 F, Professeur certifi\u00e9 des lyc\u00e9es et coll\u00e8ges, 2e classe, 10e \u00e9chelon, est nomm\u00e9 Inspecteur technique des services ;<br \/>\n&#8211; Monsieur Mamadou BELEM, Mle 49 862 N, Inspecteur de l\u2019enseignement secondaire, cat\u00e9gorie PB, 3e classe, 7e \u00e9chelon, est nomm\u00e9 Inspecteur technique des services ;<br \/>\n&#8211; Monsieur Abdou KIRAKOYA, Mle 49 921 X, Inspecteur de l\u2019enseignement secondaire, cat\u00e9gorie PB, 2e classe, 10e \u00e9chelon, est nomm\u00e9 Inspecteur technique des services.<\/p>\n<p>\ud835\udc09. \ud835\udc00\ud835\udc14 \ud835\udc13\ud835\udc08\ud835\udc13\ud835\udc11\ud835\udc04 \ud835\udc03\ud835\udc14 \ud835\udc0c\ud835\udc08\ud835\udc0d\ud835\udc08\ud835\udc12\ud835\udc13\ud835\udc04\ud835\udc11\ud835\udc04 \ud835\udc03\ud835\udc04 \ud835\udc0b\u2019\ud835\udc04\ud835\udc0d\ud835\udc12\ud835\udc04\ud835\udc08\ud835\udc06\ud835\udc0d\ud835\udc04\ud835\udc0c\ud835\udc04\ud835\udc0d\ud835\udc13 \ud835\udc12\ud835\udc14\ud835\udc0f\ud835\udc04\ud835\udc11\ud835\udc08\ud835\udc04\ud835\udc14\ud835\udc11, \ud835\udc03\ud835\udc04 \ud835\udc0b\ud835\udc00 \ud835\udc11\ud835\udc04\ud835\udc02\ud835\udc07\ud835\udc04\ud835\udc11\ud835\udc02\ud835\udc07\ud835\udc04 \ud835\udc04\ud835\udc13 \ud835\udc03\ud835\udc04 \ud835\udc0b\u2019\ud835\udc08\ud835\udc0d\ud835\udc0d\ud835\udc0e\ud835\udc15\ud835\udc00\ud835\udc13\ud835\udc08\ud835\udc0e\ud835\udc0d<br \/>\n&#8211; Monsieur Pawendkisgou Isidore YANOGO, Mle 231 936 A, Enseignant- chercheur, cat\u00e9gorie P, 3e \u00e9chelon, est nomm\u00e9 Vice-Pr\u00e9sident charg\u00e9 de la recherche et de la coop\u00e9ration internationale \u00e0 l\u2019Universit\u00e9 Norbert ZONGO.<\/p>\n<p>\ud835\udc0a. \ud835\udc00\ud835\udc14 \ud835\udc13\ud835\udc08\ud835\udc13\ud835\udc11\ud835\udc04 \ud835\udc03\ud835\udc14 \ud835\udc0c\ud835\udc08\ud835\udc0d\ud835\udc08\ud835\udc12\ud835\udc13\ud835\udc04\ud835\udc11\ud835\udc04 \ud835\udc03\ud835\udc04 \ud835\udc0b\u2019\ud835\udc04\ud835\udc0d\ud835\udc15\ud835\udc08\ud835\udc11\ud835\udc0e\ud835\udc0d\ud835\udc0d\ud835\udc04\ud835\udc0c\ud835\udc04\ud835\udc0d\ud835\udc13, \ud835\udc03\ud835\udc04 \ud835\udc0b\u2019\ud835\udc04\ud835\udc00\ud835\udc14 \ud835\udc04\ud835\udc13 \ud835\udc03\ud835\udc04 \ud835\udc0b\u2019\ud835\udc00\ud835\udc12\ud835\udc12\ud835\udc00\ud835\udc08\ud835\udc0d\ud835\udc08\ud835\udc12\ud835\udc12\ud835\udc04\ud835\udc0c\ud835\udc04\ud835\udc0d\ud835\udc13<\/p>\n<p>&#8211; Monsieur Zakarya SAWADOGO, Mle 225 111 A, Administrateur des services financiers, 1\u00e8re classe, 8e \u00e9chelon, est nomm\u00e9 Directeur de la gestion des finances ;<br \/>\n&#8211; Monsieur Jean-Baptiste ZONGO, Mle 216 302 Y, Ing\u00e9nieur du g\u00e9nie rural, 1\u00e8re classe, 9e \u00e9chelon, est nomm\u00e9 Charg\u00e9 d\u2019\u00e9tudes ;<br \/>\n&#8211; Madame Eboubi\u00e9 Louise BAMBORE\/BATIONO, Mle 263 789 D, Ing\u00e9nieur du g\u00e9nie rural, 1\u00e8re classe, 3e \u00e9chelon, est nomm\u00e9e Directrice de la s\u00e9curit\u00e9 des infrastructures hydrauliques \u00e0 la Direction g\u00e9n\u00e9rale des Infrastructures hydrauliques ;<\/p>\n<p>&#8211; Monsieur Aboulaye OUEDRAOGO, Mle 334 131 X, Inspecteur du tr\u00e9sor, 1\u00e8re classe, 4e \u00e9chelon, est nomm\u00e9 Directeur de l\u2019administration des finances de l\u2019Ecole nationale des eaux et for\u00eats (ENEF) ;<br \/>\n&#8211; Monsieur S\u00e9ni OUEDRAOGO, Mle 204 074 M, Technicien sup\u00e9rieur de l\u2019environnement, 1\u00e8re classe, 6e \u00e9chelon, est nomm\u00e9 Directeur provincial de l\u2019eau et de l\u2019assainissement de l\u2019environnement du Sourou ;<br \/>\n&#8211; Monsieur Abdourasmane SAVADOGO, Mle 278 185 P, Technicien sup\u00e9rieur de l\u2019environnement, 1\u00e8re classe, 5e \u00e9chelon, est nomm\u00e9 Directeur provincial de l\u2019eau et de l\u2019assainissement de l\u2019environnement du Boulgou.<\/p>\n<p>\ud835\udc0b. \ud835\udc00\ud835\udc14 \ud835\udc13\ud835\udc08\ud835\udc13\ud835\udc11\ud835\udc04 \ud835\udc03\ud835\udc14 \ud835\udc0c\ud835\udc08\ud835\udc0d\ud835\udc08\ud835\udc12\ud835\udc13\ud835\udc04\ud835\udc11\ud835\udc04 \ud835\udc03\ud835\udc04 \ud835\udc0b\u2019\ud835\udc14\ud835\udc11\ud835\udc01\ud835\udc00\ud835\udc0d\ud835\udc08\ud835\udc12\ud835\udc0c\ud835\udc04 \ud835\udc04\ud835\udc13 \ud835\udc03\ud835\udc04 \ud835\udc0b\u2019\ud835\udc07\ud835\udc00\ud835\udc01\ud835\udc08\ud835\udc13\ud835\udc00\ud835\udc13<\/p>\n<p>&#8211; Monsieur Yacouba BELEM, Mle 237 143 L, Ing\u00e9nieur g\u00e9om\u00e8tre, 1\u00e8re classe, 3e \u00e9chelon, est nomm\u00e9 Directeur r\u00e9gional de l\u2019Urbanisme et de l\u2019habitat du Centre-Ouest ;<br \/>\n&#8211; Monsieur Daouda KINDA, Mle 331 035 K, Ing\u00e9nieur de conception en g\u00e9nie civil, 1\u00e8re classe, 4e \u00e9chelon, est nomm\u00e9 Directeur de la voirie et de l\u2019assainissement pluvial urbains.<\/p>\n<p>\ud835\udc0c. \ud835\udc00\ud835\udc14 \ud835\udc13\ud835\udc08\ud835\udc13\ud835\udc11\ud835\udc04 \ud835\udc03\ud835\udc14 \ud835\udc0c\ud835\udc08\ud835\udc0d\ud835\udc08\ud835\udc12\ud835\udc13\ud835\udc04\ud835\udc11\ud835\udc04 \ud835\udc03\ud835\udc04\ud835\udc12 \ud835\udc12\ud835\udc0f\ud835\udc0e\ud835\udc11\ud835\udc13\ud835\udc12, \ud835\udc03\ud835\udc04 \ud835\udc0b\ud835\udc00 \ud835\udc09\ud835\udc04\ud835\udc14\ud835\udc0d\ud835\udc04\ud835\udc12\ud835\udc12\ud835\udc04 \ud835\udc04\ud835\udc13 \ud835\udc03\ud835\udc04 \ud835\udc0b\u2019\ud835\udc04\ud835\udc0c\ud835\udc0f\ud835\udc0b\ud835\udc0e\ud835\udc08<\/p>\n<p>&#8211; Monsieur Adama KOUNKORGO, Mle 97 589 S, Conseiller de jeunesse et d\u2019\u00e9ducation permanente, 1\u00e8re classe, 8e \u00e9chelon, est nomm\u00e9 Inspecteur technique des services ;<br \/>\n&#8211; Madame Gouolgne Aurelie Henriette SOME\/SOMDA, Mle 47 708 A, Professeur certifi\u00e9 des lyc\u00e9es et coll\u00e8ges, 1\u00e8re classe, 17e \u00e9chelon, est nomm\u00e9e Charg\u00e9e de mission, en remplacement de Monsieur Zoudaga SIA ;<br \/>\n&#8211; Monsieur Kibsa NIKIEMA, Mle 304 358 R, Conseiller de jeunesse et d\u2019\u00e9ducation permanente, 1\u00e8re classe, 5e \u00e9chelon, est nomm\u00e9 Directeur provincial de la jeunesse et de l\u2019emploi du Bam ;<\/p>\n<p>&#8211; Monsieur Windpouire Georges KAFANDO, Mle 220 385 S, Conseiller de jeunesse et d\u2019\u00e9ducation permanente, 1\u00e8re classe, 9e \u00e9chelon, est nomm\u00e9 Directeur provincial de la jeunesse et de l\u2019emploi du Baz\u00e8ga ;<br \/>\n&#8211; Monsieur B\u00e9b\u00e9 Bio DA, Mle 329 637 D, Conseiller de jeunesse et d\u2019\u00e9ducation permanente, 1\u00e8re classe, 2e \u00e9chelon, est nomm\u00e9 Directeur provincial de la jeunesse et de l\u2019emploi de la Bougouriba ;<br \/>\n&#8211; Monsieur Wendinzand\u00e9 Evarice CONGO, Mle 279 907 B, Conseiller en emploi et en formation professionnelle, 1\u00e8re classe, 5e \u00e9chelon, est nomm\u00e9 Directeur provincial de la jeunesse et de l\u2019emploi du Boulkiemd\u00e9 ;<\/p>\n<p>&#8211; Monsieur Souleymane SANDWIDI, Mle 304 362 T, Conseiller de jeunesse et d\u2019\u00e9ducation permanente, 1\u00e8re classe, 5e \u00e9chelon, est nomm\u00e9 Directeur provincial de la jeunesse et de l\u2019emploi du Boulgou ;<br \/>\n&#8211; Monsieur Zakaria KARA, Mle 246 744 W, Conseiller en emploi et en formation professionnelle, 1\u00e8re classe, 6e \u00e9chelon, est nomm\u00e9 Directeur provincial de la jeunesse et de l\u2019emploi de la Como\u00e9 ;<br \/>\n&#8211; Monsieur Abdoulaye SANOGO, Mle 304 383 C, Conseiller de jeunesse et d\u2019\u00e9ducation permanente, 1\u00e8re classe, 5e \u00e9chelon, est nomm\u00e9 Directeur provincial de la jeunesse et de l\u2019emploi de la Gnagna ;<\/p>\n<p>&#8211; Monsieur Boubakar OUEDRAOGO, Mle 324 134 C, Conseiller en emploi et en formation professionnelle, 1\u00e8re classe, 4e \u00e9chelon, est nomm\u00e9 Directeur provincial de la jeunesse et de l\u2019emploi du Gourma ;<br \/>\n&#8211; Monsieur Hadou SANOU, Mle 329 699 J, Conseiller de jeunesse et d\u2019\u00e9ducation permanente, 1\u00e8re classe, 4e \u00e9chelon, est nomm\u00e9 Directeur provincial de la jeunesse et de l\u2019emploi du Ioba ;<br \/>\n&#8211; Madame Mamounata OUEDRAOGO\/KIEMTORE, Mle 304 365 D, Conseiller de jeunesse et d\u2019\u00e9ducation permanente, 1\u00e8re classe, 5e \u00e9chelon, est nomm\u00e9e Directrice provinciale de la jeunesse et de l\u2019emploi du Kadiogo ;<\/p>\n<p>&#8211; Monsieur Seydou HIE, Mle 220 345 Y, Conseiller de jeunesse et d\u2019\u00e9ducation permanente, 1\u00e8re classe, 6e \u00e9chelon, est nomm\u00e9 Directeur provincial de la jeunesse et de l\u2019emploi du K\u00e9n\u00e9dougou ;<br \/>\n&#8211; Monsieur Amadou OUOBA, Mle 329 702 K, Conseiller de jeunesse et d\u2019\u00e9ducation permanente, 1\u00e8re classe, 4e \u00e9chelon, est nomm\u00e9 Directeur provincial de la jeunesse et de l\u2019emploi de la Komondjari ;<br \/>\n&#8211; Madame Haoua Nathalie YEYE, Mle 228 363 N, Conseiller de jeunesse et d\u2019\u00e9ducation permanente, 1\u00e8re classe, 8e \u00e9chelon, est nomm\u00e9e Directrice provinciale de la jeunesse et de l\u2019emploi du Kouritenga ;<\/p>\n<p>&#8211; Monsieur Jean Baptiste OUIYA, Mle 304 359 S, Conseiller de jeunesse et d\u2019\u00e9ducation permanente, 1\u00e8re classe, 5e \u00e9chelon, est nomm\u00e9 Directeur provincial de la jeunesse et de l\u2019emploi de la Kompienga ;<br \/>\n&#8211; Monsieur Fran\u00e7ois BALIMA, Mle 259 697 V, Conseiller en emploi et en formation professionnelle, 1\u00e8re classe, 3e \u00e9chelon, est nomm\u00e9 Directeur provincial de la jeunesse et de l\u2019emploi du Koulp\u00e9logo ;<br \/>\n&#8211; Monsieur Saibou ZALLE, Mle 246 788 W, Conseiller en emploi et en formation professionnelle, 1\u00e8re classe, 2e \u00e9chelon, est nomm\u00e9 Directeur provincial de la jeunesse et de l\u2019emploi de la L\u00e9raba ;<\/p>\n<p>&#8211; Monsieur Abdou Karim SAWADOGO, Mle 246 613 R, Conseiller de jeunesse et d\u2019\u00e9ducation permanente, 1\u00e8re classe, 6e \u00e9chelon, est nomm\u00e9 Directeur provincial de la jeunesse et de l\u2019emploi du Loroum ;<br \/>\n&#8211; Monsieur P. Anselme Cr\u00e9pin 1er Jumeau BATIENO, Mle 220 342 M, Conseiller de jeunesse et d\u2019\u00e9ducation permanente, 1\u00e8re classe, 7e \u00e9chelon, est nomm\u00e9 Directeur provincial de la jeunesse et de l\u2019emploi du Namentenga ;<br \/>\n&#8211; Monsieur Augustin SAMA, Mle 279 503 K, Conseiller de jeunesse et d\u2019\u00e9ducation permanente, 1\u00e8re classe, 5e \u00e9chelon, est nomm\u00e9 Directeur provincial de la jeunesse et de l\u2019emploi du Passor\u00e9 ;<\/p>\n<p>&#8211; Monsieur Antoine KABORE, Mle 279 501 R, Conseiller de jeunesse et d\u2019\u00e9ducation permanente, 1\u00e8re classe, 5e \u00e9chelon, est nomm\u00e9 Directeur provincial de la jeunesse et de l\u2019emploi du Sangui\u00e9 ;<br \/>\n&#8211; Monsieur Atimi TIALLA, Mle 259 754 T, Conseiller en emploi et en formation professionnelle, 1\u00e8re classe, 3e \u00e9chelon, est nomm\u00e9 Directeur provincial de la jeunesse et de l\u2019emploi de la Sissili ;<br \/>\n&#8211; Monsieur Moussa OUATTARA, Mle 246 630 K, Conseiller de jeunesse et d\u2019\u00e9ducation permanente, 1\u00e8re classe, 4e \u00e9chelon, est nomm\u00e9 Directeur provincial de la jeunesse et de l\u2019emploi de la Tapoa ;<\/p>\n<p>&#8211; Monsieur Brahima OUEDRAOGO, Mle 258 073 K, Conseiller de jeunesse et d\u2019\u00e9ducation permanente, 1\u00e8re classe, 6e \u00e9chelon, est nomm\u00e9 Directeur provincial de la jeunesse et de l\u2019emploi du Yatenga ;<br \/>\n&#8211; Monsieur S\u00e9kou SABO, Mle 238 633 W, Conseiller en emploi et en formation professionnelle, 1\u00e8re classe, 8e \u00e9chelon, est nomm\u00e9 Directeur provincial de la jeunesse et de l\u2019emploi du Ziro ;<br \/>\n&#8211; Monsieur Windingoudi Augustin OUEDRAOGO, Mle 249 108 X, Conseiller en emploi et en formation professionnelle, 1\u00e8re classe, 6e \u00e9chelon, est nomm\u00e9 Directeur provincial de la jeunesse et de l\u2019emploi du Zondoma.<\/p>\n<p>\ud835\udc08\ud835\udc08\ud835\udc08.\ud835\udfd0. \ud835\udc0d\ud835\udc0e\ud835\udc0c\ud835\udc08\ud835\udc0d\ud835\udc00\ud835\udc13\ud835\udc08\ud835\udc0e\ud835\udc0d\ud835\udc12 \ud835\udc03\ud835\udc00\ud835\udc0d\ud835\udc12 \ud835\udc0b\ud835\udc04\ud835\udc12 \ud835\udc02\ud835\udc0e\ud835\udc0d\ud835\udc12\ud835\udc04\ud835\udc08\ud835\udc0b\ud835\udc12 \ud835\udc03\u2019\ud835\udc00\ud835\udc03\ud835\udc0c\ud835\udc08\ud835\udc0d\ud835\udc08\ud835\udc12\ud835\udc13\ud835\udc11\ud835\udc00\ud835\udc13\ud835\udc08\ud835\udc0e\ud835\udc0d<\/p>\n<p>Le Conseil a proc\u00e9d\u00e9 \u00e0 la nomination d\u2019Administrateurs aux Conseils d\u2019administration :<br \/>\n&#8211; de l\u2019Agence pour la promotion de l\u2019entrepreneuriat communautaire (APEC) au titre de la Pr\u00e9sidence du Faso ;<br \/>\n&#8211; de la Loterie nationale burkinab\u00e8 (LONAB) au titre du minist\u00e8re de l\u2019Economie et des finances ;<\/p>\n<p>&#8211; des Editions SIDWAYA au titre du minist\u00e8re de la Communication, de la culture, des arts et du tourisme ;<br \/>\n&#8211; de la Soci\u00e9t\u00e9 nationale d\u2019\u00e9lectricit\u00e9 du Burkina (SONABEL) au titre du minist\u00e8re de l\u2019Energie, des mines et des carri\u00e8res.<\/p>\n<p>\ud835\udc00. \ud835\udc0f\ud835\udc11\ud835\udc04\ud835\udc12\ud835\udc08\ud835\udc03\ud835\udc04\ud835\udc0d\ud835\udc02\ud835\udc04 \ud835\udc03\ud835\udc14 \ud835\udc05\ud835\udc00\ud835\udc12\ud835\udc0e<br \/>\nLe Conseil a adopt\u00e9 un d\u00e9cret portant nomination de Madame Ros\u00e9line Marie Gis\u00e8le TONDE\/SEGDA, Mle 23 005 (APEC), Gestionnaire des ressources humaines, Administrateur repr\u00e9sentant le personnel au Conseil d\u2019administration de l\u2019Agence pour la promotion de l\u2019entrepreneuriat communautaire (APEC) pour un premier mandat de trois (03) ans.<\/p>\n<p>\ud835\udc01. \ud835\udc0c\ud835\udc08\ud835\udc0d\ud835\udc08\ud835\udc12\ud835\udc13\ud835\udc04\ud835\udc11\ud835\udc04 \ud835\udc03\ud835\udc04 \ud835\udc0b\u2019\ud835\udc04\ud835\udc02\ud835\udc0e\ud835\udc0d\ud835\udc0e\ud835\udc0c\ud835\udc08\ud835\udc04 \ud835\udc04\ud835\udc13 \ud835\udc03\ud835\udc04\ud835\udc12 \ud835\udc05\ud835\udc08\ud835\udc0d\ud835\udc00\ud835\udc0d\ud835\udc02\ud835\udc04\ud835\udc12<br \/>\nLe Conseil a adopt\u00e9 un d\u00e9cret portant nomination de Monsieur Suanyaba Rodrigue OBOULBIGA, Mle 217 036 A, Conseiller en gestion des ressources humaines, Administrateur repr\u00e9sentant l\u2019Etat, au titre du minist\u00e8re de la Fonction publique, du travail et de la protection sociale au Conseil d\u2019administration de la Loterie nationale burkinab\u00e8 (LONAB) pour un premier mandat trois (03) ans.<\/p>\n<p>\ud835\udc02. \ud835\udc0c\ud835\udc08\ud835\udc0d\ud835\udc08\ud835\udc12\ud835\udc13\ud835\udc04\ud835\udc11\ud835\udc04 \ud835\udc03\ud835\udc04 \ud835\udc0b\ud835\udc00 \ud835\udc02\ud835\udc0e\ud835\udc0c\ud835\udc0c\ud835\udc14\ud835\udc0d\ud835\udc08\ud835\udc02\ud835\udc00\ud835\udc13\ud835\udc08\ud835\udc0e\ud835\udc0d, \ud835\udc03\ud835\udc04 \ud835\udc0b\ud835\udc00 \ud835\udc02\ud835\udc14\ud835\udc0b\ud835\udc13\ud835\udc14\ud835\udc11\ud835\udc04, \ud835\udc03\ud835\udc04\ud835\udc12 \ud835\udc00\ud835\udc11\ud835\udc13\ud835\udc12 \ud835\udc04\ud835\udc13 \ud835\udc03\ud835\udc14 \ud835\udc13\ud835\udc0e\ud835\udc14\ud835\udc11\ud835\udc08\ud835\udc12\ud835\udc0c\ud835\udc04<br \/>\nLe Conseil a adopt\u00e9 deux (02) d\u00e9crets.<\/p>\n<p>Le premier d\u00e9cret nomme Monsieur Tiraogo Sougrinoma Ibrahim GUIGMA, Mle 02 71 C, Administrateur en communication, Administrateur repr\u00e9sentant l\u2019Etat, au titre de la Pr\u00e9sidence du Faso au Conseil d\u2019administration des Editions SIDWAYA pour un premier mandat de trois (03) ans.<\/p>\n<p>Le second d\u00e9cret renouvelle le mandat de Monsieur Abdoulaye BALBONE, Mle 273 009 F, Conseiller en sciences et techniques de l\u2019information et de la communication, Administrateur repr\u00e9sentant le Syndicat autonome des travailleurs de l\u2019information et de la culture (SYNATIC) au Conseil d\u2019administration des Editions SIDWAYA pour une derni\u00e8re p\u00e9riode de trois (03) ans.<\/p>\n<p>\ud835\udc03. \ud835\udc0c\ud835\udc08\ud835\udc0d\ud835\udc08\ud835\udc12\ud835\udc13\ud835\udc04\ud835\udc11\ud835\udc04 \ud835\udc03\ud835\udc04 \ud835\udc0b\u2019\ud835\udc04\ud835\udc0d\ud835\udc04\ud835\udc11\ud835\udc06\ud835\udc08\ud835\udc04, \ud835\udc03\ud835\udc04\ud835\udc12 \ud835\udc0c\ud835\udc08\ud835\udc0d\ud835\udc04\ud835\udc12 \ud835\udc04\ud835\udc13 \ud835\udc03\ud835\udc04\ud835\udc12 \ud835\udc02\ud835\udc00\ud835\udc11\ud835\udc11\ud835\udc08\ud835\udc04\ud835\udc11\ud835\udc04\ud835\udc12<br \/>\nLe Conseil a adopt\u00e9 un d\u00e9cret portant nomination des personnes ci-apr\u00e8s, Administrateurs repr\u00e9sentant l\u2019Etat au Conseil d\u2019administration de la Soci\u00e9t\u00e9 nationale d\u2019\u00e9lectricit\u00e9 du Burkina (SONABEL) pour un premier mandat de trois (03) ans.<\/p>\n<p>Au titre du minist\u00e8re de l\u2019Economie et des finances :<br \/>\n&#8211; Madame A\u00efssata OUEDRAOGO, Mle 59 638 L, Administrateur des services financiers.<\/p>\n<p>Au titre du minist\u00e8re de l\u2019Urbanisme et de l\u2019habitat :<br \/>\n&#8211; Monsieur Lassan\u00e9 OUEDRAOGO, Mle 92 722 P, Ing\u00e9nieur de conception en g\u00e9nie civil.<\/p>\n<p>Le Porte-parole du Gouvernement,<\/p>\n<p>Pingdwend\u00e9 Gilbert OUEDRAOGO<br \/>\nChevalier de l\u2019Ordre de l\u2019Etalon<\/p>\n<p>#ConseilDesMinistres<br \/>\n#SigBurkina<br \/>\n#Com_Gouv_BF<br \/>\n#BurkinaFaso<\/p>\n<p>www.burkinaonline.net<\/p>\n","protected":false},"excerpt":{"rendered":"<p>Le Conseil des ministres s\u2019est tenu \u00e0 Ouagadougou, le mercredi 28 mai 2025, en s\u00e9ance&#8230;<\/p>\n","protected":false},"author":1,"featured_media":7506,"comment_status":"open","ping_status":"open","sticky":false,"template":"","format":"standard","meta":{"footnotes":""},"categories":[8,10,11,13],"tags":[],"class_list":["post-7505","post","type-post","status-publish","format-standard","has-post-thumbnail","hentry","category-post","category-burkina-faso","category-politique","category-societe"],"_links":{"self":[{"href":"https:\/\/burkinaonline.net\/index.php?rest_route=\/wp\/v2\/posts\/7505","targetHints":{"allow":["GET"]}}],"collection":[{"href":"https:\/\/burkinaonline.net\/index.php?rest_route=\/wp\/v2\/posts"}],"about":[{"href":"https:\/\/burkinaonline.net\/index.php?rest_route=\/wp\/v2\/types\/post"}],"author":[{"embeddable":true,"href":"https:\/\/burkinaonline.net\/index.php?rest_route=\/wp\/v2\/users\/1"}],"replies":[{"embeddable":true,"href":"https:\/\/burkinaonline.net\/index.php?rest_route=%2Fwp%2Fv2%2Fcomments&post=7505"}],"version-history":[{"count":2,"href":"https:\/\/burkinaonline.net\/index.php?rest_route=\/wp\/v2\/posts\/7505\/revisions"}],"predecessor-version":[{"id":7508,"href":"https:\/\/burkinaonline.net\/index.php?rest_route=\/wp\/v2\/posts\/7505\/revisions\/7508"}],"wp:featuredmedia":[{"embeddable":true,"href":"https:\/\/burkinaonline.net\/index.php?rest_route=\/wp\/v2\/media\/7506"}],"wp:attachment":[{"href":"https:\/\/burkinaonline.net\/index.php?rest_route=%2Fwp%2Fv2%2Fmedia&parent=7505"}],"wp:term":[{"taxonomy":"category","embeddable":true,"href":"https:\/\/burkinaonline.net\/index.php?rest_route=%2Fwp%2Fv2%2Fcategories&post=7505"},{"taxonomy":"post_tag","embeddable":true,"href":"https:\/\/burkinaonline.net\/index.php?rest_route=%2Fwp%2Fv2%2Ftags&post=7505"}],"curies":[{"name":"wp","href":"https:\/\/api.w.org\/{rel}","templated":true}]}}