{"id":7509,"date":"2025-05-29T07:30:14","date_gmt":"2025-05-29T07:30:14","guid":{"rendered":"https:\/\/burkinaonline.net\/?p=7509"},"modified":"2025-05-29T08:12:22","modified_gmt":"2025-05-29T08:12:22","slug":"290525-2","status":"publish","type":"post","link":"https:\/\/burkinaonline.net\/?p=7509","title":{"rendered":"Burkina Faso : Malgr\u00e9 les protestations, le g\u00e9n\u00e9ral am\u00e9ricain Michael Langley persiste, maintient ses propos sur le Burkina Faso et enfonce le clou"},"content":{"rendered":"<p>Lors d\u2019une interview accord\u00e9e r\u00e9cemment \u00e0 une cha\u00eene de t\u00e9l\u00e9vision, le g\u00e9n\u00e9ral am\u00e9ricain Michael Langley, commandant de l\u2019US Africa Command (AFRICOM), est revenu sur ses d\u00e9clarations controvers\u00e9es faites devant le S\u00e9nat am\u00e9ricain concernant le Burkina Faso. Malgr\u00e9 les critiques suscit\u00e9es \u00e0 travers le continent africain et le monde, le g\u00e9n\u00e9ral maintient ses propos et m\u00eame en rajoute : le Burkina Faso est un pays souverain, mais sa strat\u00e9gie militaire actuelle contre le terrorisme pose probl\u00e8me selon lui. \u00ab Ce n\u2019est pas une attaque personnelle contre lui (capitaine Ibrahim Traor\u00e9) \u00bb a t\u2019il d\u00e9clar\u00e9.<\/p>\n<p>Le g\u00e9n\u00e9ral Langley a tenu \u00e0 clarifier ses intentions :<\/p>\n<p>\u00ab Le Burkina Faso est un pays souverain. Il d\u00e9cide seul de la gestion de ses ressources, y compris de l\u2019or, et des orientations militaires qu\u2019il souhaite prendre. C\u2019est son droit l\u00e9gitime. \u00bb<\/p>\n<p>Cependant, il insiste sur le fait que son intervention visait \u00e0 donner un avertissement d\u2019un point de vue militaire :<\/p>\n<p>\u00ab Mon intervention visait uniquement \u00e0 donner un avertissement d\u2019un point de vue militaire. Je voulais mettre en lumi\u00e8re que la situation prend une mauvaise direction. C\u2019\u00e9tait une question directe qui m\u2019a \u00e9t\u00e9 pos\u00e9e par la commission des services arm\u00e9s du S\u00e9nat. \u00bb<\/p>\n<p class=\"p1\"><span class=\"s1\">Garantissez votre avenir avec la formation en intelligence Artificielle du Cabinet Discom. Plus d\u2019info avec ce lien : <a href=\"https:\/\/www.youtube.com\/watch?v=P6J7jJIV99g\">https:\/\/www.youtube.com\/watch?v=P6J7jJIV99g<\/a><\/span><\/p>\n<p>Une faiblesse militaire, un danger pour la souverainet\u00e9<\/p>\n<p>Le g\u00e9n\u00e9ral reconna\u00eet que des efforts positifs sont d\u00e9ploy\u00e9s par Ouagadougou pour am\u00e9liorer la gouvernance et la souverainet\u00e9. Cependant, il souligne que le dispositif s\u00e9curitaire ne suit pas :<\/p>\n<p>\u00ab Le Burkina Faso se trouve \u00e0 l\u2019\u00e9picentre du terrorisme mondial. Bien qu\u2019il y ait des progr\u00e8s, il doit y avoir suffisamment de ressources consacr\u00e9es \u00e0 la lutte contre le terrorisme dans tout le pays. \u00bb dixit le g\u00e9n\u00e9ral Langley.<\/p>\n<p>Il met en garde contre la mont\u00e9e en puissance de groupes terroristes tels que l\u2019\u00c9tat islamique, le JNIM et Al-Qa\u00efda au Maghreb islamique<\/p>\n<p>Face aux critiques, le g\u00e9n\u00e9ral Langley reste inflexible<\/p>\n<p>\u00abDonc vous maintenez votre d\u00e9claration ? M\u00eame s\u2019il y a des pressions pour que vous reveniez dessus ?\u00bb interroge la journaliste.<\/p>\n<p>R\u00e9ponse du g\u00e9n\u00e9ral : \u00abOui. C\u2019est ma d\u00e9claration. C\u2019est mon \u00e9valuation. La situation empire. Il faut en faire plus, non seulement au niveau local, mais pour l\u2019ensemble du pays, car ces organisations extr\u00e9mistes violentes cherchent \u00e0 obtenir des revenus, des ressources, \u00e0 recruter parmi les Burkinab\u00e8, et \u00e0 trouver refuge dans le pays. Et cela constitue une menace directe pour leur souverainet\u00e9.\u00bb<\/p>\n<p>Il appelle \u00e0 une mobilisation accrue des ressources pour lutter efficacement contre ces menaces terroristes.<\/p>\n<p>Savant dosage entre souverainet\u00e9 et efficacit\u00e9 op\u00e9rationnelle<\/p>\n<p>Le g\u00e9n\u00e9ral Langley r\u00e9affirme son respect pour la souverainet\u00e9 pleine et enti\u00e8re du Burkina Faso. Tout en reconnaissant \u00a0les efforts engag\u00e9s par le pays, il plaide pour un renforcement des ressources face aux d\u00e9fis s\u00e9curitaires. Selon lui, un \u00e9quilibre ma\u00eetris\u00e9 entre souverainet\u00e9 politique et efficacit\u00e9 op\u00e9rationnelle est indispensable pour faire face durablement \u00e0 la menace terroriste.<\/p>\n<p>www.burkinaonline.net<\/p>\n","protected":false},"excerpt":{"rendered":"<p>Lors d\u2019une interview accord\u00e9e r\u00e9cemment \u00e0 une cha\u00eene de t\u00e9l\u00e9vision, le g\u00e9n\u00e9ral am\u00e9ricain Michael Langley,&#8230;<\/p>\n","protected":false},"author":1,"featured_media":7510,"comment_status":"open","ping_status":"open","sticky":false,"template":"","format":"standard","meta":{"footnotes":""},"categories":[8,10,18,12],"tags":[],"class_list":["post-7509","post","type-post","status-publish","format-standard","has-post-thumbnail","hentry","category-post","category-burkina-faso","category-international","category-terrorisme"],"_links":{"self":[{"href":"https:\/\/burkinaonline.net\/index.php?rest_route=\/wp\/v2\/posts\/7509","targetHints":{"allow":["GET"]}}],"collection":[{"href":"https:\/\/burkinaonline.net\/index.php?rest_route=\/wp\/v2\/posts"}],"about":[{"href":"https:\/\/burkinaonline.net\/index.php?rest_route=\/wp\/v2\/types\/post"}],"author":[{"embeddable":true,"href":"https:\/\/burkinaonline.net\/index.php?rest_route=\/wp\/v2\/users\/1"}],"replies":[{"embeddable":true,"href":"https:\/\/burkinaonline.net\/index.php?rest_route=%2Fwp%2Fv2%2Fcomments&post=7509"}],"version-history":[{"count":5,"href":"https:\/\/burkinaonline.net\/index.php?rest_route=\/wp\/v2\/posts\/7509\/revisions"}],"predecessor-version":[{"id":7515,"href":"https:\/\/burkinaonline.net\/index.php?rest_route=\/wp\/v2\/posts\/7509\/revisions\/7515"}],"wp:featuredmedia":[{"embeddable":true,"href":"https:\/\/burkinaonline.net\/index.php?rest_route=\/wp\/v2\/media\/7510"}],"wp:attachment":[{"href":"https:\/\/burkinaonline.net\/index.php?rest_route=%2Fwp%2Fv2%2Fmedia&parent=7509"}],"wp:term":[{"taxonomy":"category","embeddable":true,"href":"https:\/\/burkinaonline.net\/index.php?rest_route=%2Fwp%2Fv2%2Fcategories&post=7509"},{"taxonomy":"post_tag","embeddable":true,"href":"https:\/\/burkinaonline.net\/index.php?rest_route=%2Fwp%2Fv2%2Ftags&post=7509"}],"curies":[{"name":"wp","href":"https:\/\/api.w.org\/{rel}","templated":true}]}}