{"id":7516,"date":"2025-05-30T14:01:19","date_gmt":"2025-05-30T14:01:19","guid":{"rendered":"https:\/\/burkinaonline.net\/?p=7516"},"modified":"2025-05-30T14:22:43","modified_gmt":"2025-05-30T14:22:43","slug":"29052025-2","status":"publish","type":"post","link":"https:\/\/burkinaonline.net\/?p=7516","title":{"rendered":"Transformer ou p\u00e9rir : fer, or, gaz, p\u00e9trole, bauxite, mangan\u00e8se \u2026 et si l\u2019Afrique gardait enfin ses ressources pour les transformer elle-m\u00eame ?"},"content":{"rendered":"<p class=\"p2\" style=\"text-align: left;\"><span class=\"s1\"><br \/>\nAlors que la r\u00e9gion du Sahel traverse une p\u00e9riode de turbulences politiques, Pierre Goudiaby Atepa<\/span><span class=\"s3\">, <\/span><span class=\"s1\">architecte de renomm\u00e9e internationale et auteur du Monument de la Renaissance africaine \u00e0 Dakar, livre lors d\u2019un entretien exclusif sur<span class=\"Apple-converted-space\">\u00a0 <\/span>la WebTV <\/span><span class=\"s3\">Afrofeeling, <\/span><span class=\"s1\">une analyse tranchante sur les causes profondes de ces remous : l\u2019\u00e9chec des mod\u00e8les de coop\u00e9ration \u00e9conomique h\u00e9rit\u00e9s de la colonisation.<\/span><\/p>\n<p class=\"p2\" style=\"text-align: left;\"><span class=\"s1\">Pierre Goudiaby Atepa lance un appel fort et lucide : l\u2019Afrique ne se d\u00e9veloppera qu\u2019en transformant localement ses mati\u00e8res premi\u00e8res.<\/span><\/p>\n<p class=\"p2\" style=\"text-align: left;\"><span class=\"s1\">Architecte du c\u00e9l\u00e8bre Monument de la Renaissance africaine \u00e0 Dakar, du si\u00e8ge de la BCEAO \u00e0 Dakar, entre autres, Atepa est \u00e9galement pr\u00e9sident du Club des Investisseurs S\u00e9n\u00e9galais. Sa voix compte, et ses analyses, ancr\u00e9es dans l\u2019\u00e9conomie r\u00e9elle, r\u00e9sonnent dans toute l\u2019Afrique de l\u2019Ouest.<\/span><\/p>\n<p class=\"p2\" style=\"text-align: left;\"><span class=\"s1\">Les r\u00e9voltes au Sahel : un ras-le-bol l\u00e9gitime, mais \u00e0 canaliser<\/span><\/p>\n<p class=\"p2\" style=\"text-align: left;\"><span class=\"s1\">Pour lui, les mouvements de rupture qui secouent la r\u00e9gion ne sont pas un hasard.<\/span><\/p>\n<p class=\"p3\" style=\"text-align: left;\"><span class=\"s1\">\u00ab Qu\u2019on le veuille ou pas, moi je crois que les remous que nous avons, que nous voyons depuis un an ou deux dans la sous-r\u00e9gion sont significatifs. \u00bb<\/span><\/p>\n<p class=\"p3\" style=\"text-align: left;\"><span class=\"s1\">Mais il met en garde contre les r\u00e9actions impulsives :<\/span><\/p>\n<p class=\"p3\" style=\"text-align: left;\"><span class=\"s1\">\u00ab Il ne faut pas agir par impulsion. Pour une fois, n\u2019agissons pas par impulsion. Prenons la t\u00eate, r\u00e9fl\u00e9chissons de la mani\u00e8re la plus froide possible sur l\u2019avenir que nous voulons pour nos nations. \u00bb<\/span><\/p>\n<p>Garantissez votre avenir avec la formation en intelligence artificielle du Cabinet Discom. C\u2019est demain, samedi 31 mai 2025. Plus d\u2019infos via ce lien : <a href=\"https:\/\/www.youtube.com\/watch?v=P6J7jJIV99g\">https:\/\/www.youtube.com\/watch?v=P6J7jJIV99g<\/a><\/p>\n<p class=\"p2\" style=\"text-align: left;\"><span class=\"s1\">La transformation locale : clef de la souverainet\u00e9 \u00e9conomique<\/span><\/p>\n<p class=\"p2\" style=\"text-align: left;\"><span class=\"s1\">Pour Atepa, l\u2019erreur fondamentale des g\u00e9n\u00e9rations pr\u00e9c\u00e9dentes a \u00e9t\u00e9 de faire confiance aux anciennes puissances coloniales sans d\u00e9finir une strat\u00e9gie propre.<\/span><\/p>\n<p class=\"p3\" style=\"text-align: left;\"><span class=\"s1\">\u00ab Nous avons p\u00e9ch\u00e9 par na\u00efvet\u00e9. Nous avons cru en la parole de l\u2019ex-colonisateur. \u00bb<\/span><\/p>\n<p class=\"p3\" style=\"text-align: left;\"><span class=\"s1\">Face \u00e0 cela, il propose une seule voie :<\/span><\/p>\n<p class=\"p3\" style=\"text-align: left;\"><span class=\"s1\">\u00ab Pour nous sortir d\u2019affaires, c\u2019est transformer, encore transformer, beaucoup transformer, toujours transformer. \u00bb<\/span><\/p>\n<p class=\"p3\" style=\"text-align: left;\"><span class=\"s1\">Il insiste sur le fait que la simple exportation de mati\u00e8res premi\u00e8res comme la bauxite ou le fer est une impasse \u00e9conomique pour l\u2019Afrique :<\/span><\/p>\n<p class=\"p3\" style=\"text-align: left;\"><span class=\"s1\">\u00ab Pourquoi, diantre, laisser les gens prendre la bauxite, faire 15 000 km pour aller la transformer \u00e0 Duba\u00ef, refaire 15 000 km pour venir \u00eatre vendue au S\u00e9n\u00e9gal ? \u00bb<\/span><\/p>\n<p class=\"p2\" style=\"text-align: left;\"><span class=\"s1\">Le S\u00e9n\u00e9gal, futur hub min\u00e9ralier ?<\/span><\/p>\n<p class=\"p2\" style=\"text-align: left;\"><span class=\"s1\">Pierre Goudiaby Atepa soutient que le S\u00e9n\u00e9gal a les atouts pour devenir un centre industriel r\u00e9gional, gr\u00e2ce \u00e0 sa position g\u00e9ographique et \u00e0 ses ressources. Il \u00e9voque des gisements de bauxite \u00e0 600 km de Dakar, la proximit\u00e9 du fer de la Sierra Leone, et surtout les nouvelles d\u00e9couvertes de gaz et de p\u00e9trole dans le pays.<\/span><\/p>\n<p class=\"p3\" style=\"text-align: left;\"><span class=\"s1\">\u00ab Le S\u00e9n\u00e9gal, on a d\u00e9couvert du gaz et du p\u00e9trole. C\u2019est \u00e0 nous. C\u2019est nous qui devons d\u00e9cider. \u00bb<\/span><\/p>\n<p class=\"p3\" style=\"text-align: left;\"><span class=\"s1\">Lors d\u2019une rencontre avec un haut responsable du FMI, Atepa raconte :<\/span><\/p>\n<p class=\"p3\" style=\"text-align: left;\"><span class=\"s1\">\u00ab Il nous dit : \u201c\u00c9coutez, les S\u00e9n\u00e9galais, ne vous faites pas d\u2019illusions. Votre p\u00e9trole et votre gaz ne changeront pas grand-chose dans votre \u00e9conomie.\u201d [\u2026] Je lui ai dit : vous avez parfaitement raison. Mais comme on dit en math\u00e9matiques, si et seulement si, nous vous \u00e9coutons. \u00bb<\/span><\/p>\n<p class=\"p2\" style=\"text-align: left;\"><span class=\"s1\">26 milliards de tonnes de fer, une opportunit\u00e9 historique<\/span><\/p>\n<p class=\"p2\" style=\"text-align: left;\"><span class=\"s1\">Atepa \u00e9voque un chiffre impressionnant : 26 milliards de tonnes de minerai de fer dans un rayon de 960 km autour de Dakar. Transform\u00e9s sur place, ces minerais pourraient g\u00e9n\u00e9rer une richesse in\u00e9gal\u00e9e (1 400 milliards de dollars, environ 810 000 milliards de FCFA). Selon lui, ce sont ces chiffres qui vont nous sortir de la pauvret\u00e9. Rien d\u2019autre.<\/span><\/p>\n<p class=\"p3\" style=\"text-align: left;\"><span class=\"s1\">Il en appelle \u00e0 un changement de paradigme. Selon lui, un indice simple r\u00e9v\u00e8le le niveau de d\u00e9veloppement d\u2019un pays : la quantit\u00e9 de fer utilis\u00e9e par habitant.<\/span><\/p>\n<p class=\"p3\" style=\"text-align: left;\"><span class=\"s1\">\u00ab Les \u00c9tats-Unis ont en moyenne une tonne de fer par habitant. Les Chinois doivent \u00eatre \u00e0 800 kg. [\u2026] Nous sommes \u00e0 50 kg par habitant. [\u2026] Si vous n\u2019avez pas 200 kg au moins par habitant, vous ne pouvez pas \u00eatre d\u00e9velopp\u00e9. \u00bb<\/span><\/p>\n<p class=\"p2\" style=\"text-align: left;\"><span class=\"s1\">Le message est clair : pas de d\u00e9veloppement sans transformation locale. L\u2019Afrique ne peut plus se contenter d\u2019exporter ses ressources brutes \u00e0 bas prix pour ensuite les importer \u00e0 prix fort. Il faut d\u00e9sormais ma\u00eetriser la cha\u00eene de valeur de bout en bout, cr\u00e9er de l\u2019emploi, industrialiser, et b\u00e2tir une \u00e9conomie p\u00e9renne.<\/span><\/p>\n<p class=\"p2\" style=\"text-align: left;\"><span class=\"s1\">Avec des hommes comme Pierre Goudiaby Atepa \u00e0 la t\u00eate de projets structurants, l\u2019Afrique peut passer de la revendication \u00e0 la r\u00e9alisation. Mais cela exige de la vision, du courage et une volont\u00e9 politique forte.<\/span><\/p>\n<p>www.burkinaonline.net<\/p>\n","protected":false},"excerpt":{"rendered":"<p>Alors que la r\u00e9gion du Sahel traverse une p\u00e9riode de turbulences politiques, Pierre Goudiaby Atepa,&#8230;<\/p>\n","protected":false},"author":1,"featured_media":7519,"comment_status":"open","ping_status":"open","sticky":false,"template":"","format":"standard","meta":{"footnotes":""},"categories":[8,15,18,1],"tags":[],"class_list":["post-7516","post","type-post","status-publish","format-standard","has-post-thumbnail","hentry","category-post","category-economie","category-international","category-non-classe"],"_links":{"self":[{"href":"https:\/\/burkinaonline.net\/index.php?rest_route=\/wp\/v2\/posts\/7516","targetHints":{"allow":["GET"]}}],"collection":[{"href":"https:\/\/burkinaonline.net\/index.php?rest_route=\/wp\/v2\/posts"}],"about":[{"href":"https:\/\/burkinaonline.net\/index.php?rest_route=\/wp\/v2\/types\/post"}],"author":[{"embeddable":true,"href":"https:\/\/burkinaonline.net\/index.php?rest_route=\/wp\/v2\/users\/1"}],"replies":[{"embeddable":true,"href":"https:\/\/burkinaonline.net\/index.php?rest_route=%2Fwp%2Fv2%2Fcomments&post=7516"}],"version-history":[{"count":6,"href":"https:\/\/burkinaonline.net\/index.php?rest_route=\/wp\/v2\/posts\/7516\/revisions"}],"predecessor-version":[{"id":7524,"href":"https:\/\/burkinaonline.net\/index.php?rest_route=\/wp\/v2\/posts\/7516\/revisions\/7524"}],"wp:featuredmedia":[{"embeddable":true,"href":"https:\/\/burkinaonline.net\/index.php?rest_route=\/wp\/v2\/media\/7519"}],"wp:attachment":[{"href":"https:\/\/burkinaonline.net\/index.php?rest_route=%2Fwp%2Fv2%2Fmedia&parent=7516"}],"wp:term":[{"taxonomy":"category","embeddable":true,"href":"https:\/\/burkinaonline.net\/index.php?rest_route=%2Fwp%2Fv2%2Fcategories&post=7516"},{"taxonomy":"post_tag","embeddable":true,"href":"https:\/\/burkinaonline.net\/index.php?rest_route=%2Fwp%2Fv2%2Ftags&post=7516"}],"curies":[{"name":"wp","href":"https:\/\/api.w.org\/{rel}","templated":true}]}}