{"id":7525,"date":"2025-05-30T20:36:07","date_gmt":"2025-05-30T20:36:07","guid":{"rendered":"https:\/\/burkinaonline.net\/?p=7525"},"modified":"2025-05-30T20:38:17","modified_gmt":"2025-05-30T20:38:17","slug":"30052025-2","status":"publish","type":"post","link":"https:\/\/burkinaonline.net\/?p=7525","title":{"rendered":"Mali : Les FAMa repoussent une double attaque terroriste et s\u00e9curisent la zone"},"content":{"rendered":"<p>Koulikoro, 30 mai 2025 \u2014 L\u2019\u00c9tat-Major G\u00e9n\u00e9ral des Arm\u00e9es du Mali a annonc\u00e9 une op\u00e9ration militaire de grande envergure \u00e0 Sirakorola, dans la r\u00e9gion de Koulikoro, apr\u00e8s une double attaque terroriste survenue t\u00f4t ce matin vers 05h30. Les Forces Arm\u00e9es Maliennes (FAMa) ont r\u00e9agi rapidement et efficacement pour s\u00e9curiser les postes de Tanabougou et de Sirakorola.<\/p>\n<p>Selon le communiqu\u00e9 officiel, les FAMa ont entam\u00e9 des op\u00e9rations de ratissage intensives dans la zone. Plusieurs corps de terroristes ont \u00e9t\u00e9 retrouv\u00e9s, accompagn\u00e9s de mat\u00e9riels logistiques abandonn\u00e9s. Une reconnaissance offensive a permis de neutraliser des \u00e9l\u00e9ments arm\u00e9s au nord-est de Mourdiah, r\u00e9cup\u00e9rant par la m\u00eame occasion leur logistique.<\/p>\n<p>L\u2019\u00c9tat-Major G\u00e9n\u00e9ral a salu\u00e9 le professionnalisme des unit\u00e9s engag\u00e9es et adress\u00e9 ses v\u0153ux de prompt r\u00e9tablissement aux bless\u00e9s. Il a \u00e9galement rassur\u00e9 la population que les op\u00e9rations de recherche et de destruction des groupes terroristes se poursuivent sans rel\u00e2che.<\/p>\n<p>www.burkinaonline.net<\/p>\n","protected":false},"excerpt":{"rendered":"<p>Koulikoro, 30 mai 2025 \u2014 L\u2019\u00c9tat-Major G\u00e9n\u00e9ral des Arm\u00e9es du Mali a annonc\u00e9 une op\u00e9ration&#8230;<\/p>\n","protected":false},"author":1,"featured_media":7528,"comment_status":"open","ping_status":"open","sticky":false,"template":"","format":"standard","meta":{"footnotes":""},"categories":[8,18,12],"tags":[],"class_list":["post-7525","post","type-post","status-publish","format-standard","has-post-thumbnail","hentry","category-post","category-international","category-terrorisme"],"_links":{"self":[{"href":"https:\/\/burkinaonline.net\/index.php?rest_route=\/wp\/v2\/posts\/7525","targetHints":{"allow":["GET"]}}],"collection":[{"href":"https:\/\/burkinaonline.net\/index.php?rest_route=\/wp\/v2\/posts"}],"about":[{"href":"https:\/\/burkinaonline.net\/index.php?rest_route=\/wp\/v2\/types\/post"}],"author":[{"embeddable":true,"href":"https:\/\/burkinaonline.net\/index.php?rest_route=\/wp\/v2\/users\/1"}],"replies":[{"embeddable":true,"href":"https:\/\/burkinaonline.net\/index.php?rest_route=%2Fwp%2Fv2%2Fcomments&post=7525"}],"version-history":[{"count":2,"href":"https:\/\/burkinaonline.net\/index.php?rest_route=\/wp\/v2\/posts\/7525\/revisions"}],"predecessor-version":[{"id":7529,"href":"https:\/\/burkinaonline.net\/index.php?rest_route=\/wp\/v2\/posts\/7525\/revisions\/7529"}],"wp:featuredmedia":[{"embeddable":true,"href":"https:\/\/burkinaonline.net\/index.php?rest_route=\/wp\/v2\/media\/7528"}],"wp:attachment":[{"href":"https:\/\/burkinaonline.net\/index.php?rest_route=%2Fwp%2Fv2%2Fmedia&parent=7525"}],"wp:term":[{"taxonomy":"category","embeddable":true,"href":"https:\/\/burkinaonline.net\/index.php?rest_route=%2Fwp%2Fv2%2Fcategories&post=7525"},{"taxonomy":"post_tag","embeddable":true,"href":"https:\/\/burkinaonline.net\/index.php?rest_route=%2Fwp%2Fv2%2Ftags&post=7525"}],"curies":[{"name":"wp","href":"https:\/\/api.w.org\/{rel}","templated":true}]}}