{"id":7539,"date":"2025-05-31T22:57:54","date_gmt":"2025-05-31T22:57:54","guid":{"rendered":"https:\/\/burkinaonline.net\/?p=7539"},"modified":"2025-05-31T22:58:54","modified_gmt":"2025-05-31T22:58:54","slug":"1973-2","status":"publish","type":"post","link":"https:\/\/burkinaonline.net\/?p=7539","title":{"rendered":"Patriotisme au Burkina Faso : Tinkuilga Nana, 79 ans, offre un sac de ciment \u00e0 l\u2019initiative \u00ab Faso M\u00eabo \u00bb"},"content":{"rendered":"<p>Ouagadougou, 31 mai 2025 \u2014 Dans un geste \u00e9mouvant de patriotisme, Tinkuilga Nana, un homme de 79 ans originaire d\u2019un village recul\u00e9 du Burkina Faso, a parcouru plusieurs kilom\u00e8tres \u00e0 v\u00e9lo pour offrir un sac de ciment \u00e0 l\u2019initiative pr\u00e9sidentielle \u00ab Faso M\u00eabo \u00bb.<\/p>\n<p>Malgr\u00e9 des moyens modestes, ce doyen a tenu \u00e0 apporter sa contribution personnelle \u00e0 cette initiative du Pr\u00e9sident Ibrahim Traor\u00e9, destin\u00e9e \u00e0 renforcer la r\u00e9silience nationale \u00e0 travers la reconstruction des infrastructures et la mobilisation populaire.<\/p>\n<p>\u00ab\u202fJe suis tr\u00e8s satisfait des actions \u00a0du Capitaine Ibrahim Traor\u00e9, pr\u00e9sident du Faso. C\u2019est pour cela que j\u2019ai apport\u00e9 ce matin un sac de ciment pour soutenir l\u2019initiative Faso-M\u00eabo. Pour moi, chaque Burkinab\u00e8 doit pouvoir apporter sa pierre \u00e0 l\u2019\u00e9difice afin de l\u00e9guer \u00e0 la g\u00e9n\u00e9ration future un avenir meilleur\u202f\u00bb, a d\u00e9clar\u00e9 Tinkuilga Nana.<\/p>\n<p>Le vieil homme a \u00e9galement exprim\u00e9 son soutien au Chef de l\u2019\u00c9tat, aux Volontaires pour la D\u00e9fense de la Patrie (VDP) ainsi qu\u2019\u00e0 l\u2019ensemble des forces de d\u00e9fense et de s\u00e9curit\u00e9, formulant des pri\u00e8res pour la reconqu\u00eate totale de l\u2019int\u00e9grit\u00e9 territoriale du pays.<\/p>\n<p>Son message appelle aussi \u00e0 l\u2019unit\u00e9 nationale :<\/p>\n<p>\u00ab\u202fJe demande \u00e0 tous les Burkinab\u00e8 de s\u2019unir. Quelles que soient les adversit\u00e9s, les ennemis ne pourront pas nous vaincre si nous sommes soud\u00e9s.\u202f\u00bb<\/p>\n<p>Le comit\u00e9 de l\u2019initiative \u00ab Faso M\u00eabo \u00bb a salu\u00e9 ce geste fort en symbole, rappelant que chaque contribution, aussi modeste soit-elle, est pr\u00e9cieuse pour b\u00e2tir un Burkina Faso fort et solidaire.<\/p>\n<p>Ce geste de Tinkuilga Nana incarne l\u2019esprit du don de soi, de la dignit\u00e9 et de l\u2019amour profond de la patrie. Un exemple inspirant pour toutes les g\u00e9n\u00e9rations.<br \/>\nwww.burkinaonline.net<\/p>\n","protected":false},"excerpt":{"rendered":"<p>Ouagadougou, 31 mai 2025 \u2014 Dans un geste \u00e9mouvant de patriotisme, Tinkuilga Nana, un homme&#8230;<\/p>\n","protected":false},"author":1,"featured_media":7540,"comment_status":"open","ping_status":"open","sticky":false,"template":"","format":"standard","meta":{"footnotes":""},"categories":[8,10,13],"tags":[],"class_list":["post-7539","post","type-post","status-publish","format-standard","has-post-thumbnail","hentry","category-post","category-burkina-faso","category-societe"],"_links":{"self":[{"href":"https:\/\/burkinaonline.net\/index.php?rest_route=\/wp\/v2\/posts\/7539","targetHints":{"allow":["GET"]}}],"collection":[{"href":"https:\/\/burkinaonline.net\/index.php?rest_route=\/wp\/v2\/posts"}],"about":[{"href":"https:\/\/burkinaonline.net\/index.php?rest_route=\/wp\/v2\/types\/post"}],"author":[{"embeddable":true,"href":"https:\/\/burkinaonline.net\/index.php?rest_route=\/wp\/v2\/users\/1"}],"replies":[{"embeddable":true,"href":"https:\/\/burkinaonline.net\/index.php?rest_route=%2Fwp%2Fv2%2Fcomments&post=7539"}],"version-history":[{"count":2,"href":"https:\/\/burkinaonline.net\/index.php?rest_route=\/wp\/v2\/posts\/7539\/revisions"}],"predecessor-version":[{"id":7542,"href":"https:\/\/burkinaonline.net\/index.php?rest_route=\/wp\/v2\/posts\/7539\/revisions\/7542"}],"wp:featuredmedia":[{"embeddable":true,"href":"https:\/\/burkinaonline.net\/index.php?rest_route=\/wp\/v2\/media\/7540"}],"wp:attachment":[{"href":"https:\/\/burkinaonline.net\/index.php?rest_route=%2Fwp%2Fv2%2Fmedia&parent=7539"}],"wp:term":[{"taxonomy":"category","embeddable":true,"href":"https:\/\/burkinaonline.net\/index.php?rest_route=%2Fwp%2Fv2%2Fcategories&post=7539"},{"taxonomy":"post_tag","embeddable":true,"href":"https:\/\/burkinaonline.net\/index.php?rest_route=%2Fwp%2Fv2%2Ftags&post=7539"}],"curies":[{"name":"wp","href":"https:\/\/api.w.org\/{rel}","templated":true}]}}