{"id":7549,"date":"2025-06-01T16:26:53","date_gmt":"2025-06-01T16:26:53","guid":{"rendered":"https:\/\/burkinaonline.net\/?p=7549"},"modified":"2025-06-01T16:30:37","modified_gmt":"2025-06-01T16:30:37","slug":"1974-3","status":"publish","type":"post","link":"https:\/\/burkinaonline.net\/?p=7549","title":{"rendered":"L\u2019AES valide la cr\u00e9ation d\u2019une Cour P\u00e9nale Sah\u00e9lienne et d\u2019une prison de haute s\u00e9curit\u00e9 pour renforcer la justice r\u00e9gionale"},"content":{"rendered":"<p class=\"p1\"><span class=\"s2\">Les ministres de la Justice du Burkina Faso, du Mali et du Niger ont approuv\u00e9 la cr\u00e9ation d\u2019une Cour P\u00e9nale Sah\u00e9lienne et des Droits de l\u2019Homme (CPS-DH), ainsi que la construction d\u2019une prison r\u00e9gionale de haute s\u00e9curit\u00e9. Cette d\u00e9cision, prise lors de leur r\u00e9union \u00e0 Bamako les 29 et 30 mai 2025, vise \u00e0 renforcer la lutte contre le terrorisme et les crimes graves dans l\u2019espace sah\u00e9lien.<\/span><\/p>\n<p class=\"p1\"><span class=\"s2\">La CPS-DH sera comp\u00e9tente pour juger les crimes les plus graves affectant la Conf\u00e9d\u00e9ration des \u00c9tats du Sahel (AES), notamment les actes de terrorisme, les crimes transnationaux organis\u00e9s et les violations majeures des droits humains. La prison de haute s\u00e9curit\u00e9, rattach\u00e9e \u00e0 cette cour, garantira la d\u00e9tention des individus condamn\u00e9s dans des conditions conformes aux standards internationaux. <\/span><\/p>\n<p class=\"p1\"><span class=\"s2\">Par ailleurs, les ministres ont ent\u00e9rin\u00e9 le principe d\u2019une harmonisation acc\u00e9l\u00e9r\u00e9e des l\u00e9gislations p\u00e9nales au sein de l\u2019AES, en particulier dans les domaines du terrorisme, du blanchiment d\u2019argent, de la cybercriminalit\u00e9, de la traite des \u00eatres humains et des atteintes \u00e0 la souverainet\u00e9 des \u00c9tats. Un fichier r\u00e9gional des personnes recherch\u00e9es ou condamn\u00e9es pour crimes graves sera \u00e9galement mis en place, accessible aux autorit\u00e9s judiciaires et s\u00e9curitaires des trois pays. <\/span><\/p>\n<p class=\"p1\"><span class=\"s2\">Cette initiative marque une volont\u00e9 affirm\u00e9e de doter l\u2019espace sah\u00e9lien d\u2019institutions capables de faire face aux d\u00e9fis li\u00e9s \u00e0 la criminalit\u00e9 grave et au terrorisme. Elle s\u2019inscrit dans une dynamique de renforcement de la coop\u00e9ration judiciaire entre les \u00c9tats membres de l\u2019AES, afin de garantir une justice plus cr\u00e9dible et accessible \u00e0 tous les citoyens. <\/span><\/p>\n","protected":false},"excerpt":{"rendered":"<p>Les ministres de la Justice du Burkina Faso, du Mali et du Niger ont approuv\u00e9&#8230;<\/p>\n","protected":false},"author":1,"featured_media":7550,"comment_status":"open","ping_status":"open","sticky":false,"template":"","format":"standard","meta":{"footnotes":""},"categories":[8,10,13],"tags":[],"class_list":["post-7549","post","type-post","status-publish","format-standard","has-post-thumbnail","hentry","category-post","category-burkina-faso","category-societe"],"_links":{"self":[{"href":"https:\/\/burkinaonline.net\/index.php?rest_route=\/wp\/v2\/posts\/7549","targetHints":{"allow":["GET"]}}],"collection":[{"href":"https:\/\/burkinaonline.net\/index.php?rest_route=\/wp\/v2\/posts"}],"about":[{"href":"https:\/\/burkinaonline.net\/index.php?rest_route=\/wp\/v2\/types\/post"}],"author":[{"embeddable":true,"href":"https:\/\/burkinaonline.net\/index.php?rest_route=\/wp\/v2\/users\/1"}],"replies":[{"embeddable":true,"href":"https:\/\/burkinaonline.net\/index.php?rest_route=%2Fwp%2Fv2%2Fcomments&post=7549"}],"version-history":[{"count":2,"href":"https:\/\/burkinaonline.net\/index.php?rest_route=\/wp\/v2\/posts\/7549\/revisions"}],"predecessor-version":[{"id":7552,"href":"https:\/\/burkinaonline.net\/index.php?rest_route=\/wp\/v2\/posts\/7549\/revisions\/7552"}],"wp:featuredmedia":[{"embeddable":true,"href":"https:\/\/burkinaonline.net\/index.php?rest_route=\/wp\/v2\/media\/7550"}],"wp:attachment":[{"href":"https:\/\/burkinaonline.net\/index.php?rest_route=%2Fwp%2Fv2%2Fmedia&parent=7549"}],"wp:term":[{"taxonomy":"category","embeddable":true,"href":"https:\/\/burkinaonline.net\/index.php?rest_route=%2Fwp%2Fv2%2Fcategories&post=7549"},{"taxonomy":"post_tag","embeddable":true,"href":"https:\/\/burkinaonline.net\/index.php?rest_route=%2Fwp%2Fv2%2Ftags&post=7549"}],"curies":[{"name":"wp","href":"https:\/\/api.w.org\/{rel}","templated":true}]}}