{"id":7553,"date":"2025-06-01T17:06:33","date_gmt":"2025-06-01T17:06:33","guid":{"rendered":"https:\/\/burkinaonline.net\/?p=7553"},"modified":"2025-06-01T17:06:33","modified_gmt":"2025-06-01T17:06:33","slug":"1974-4","status":"publish","type":"post","link":"https:\/\/burkinaonline.net\/?p=7553","title":{"rendered":"Le g\u00e9n\u00e9ral Tiani accuse la France d\u2019avoir orchestr\u00e9 des prises d\u2019otages d\u2019occidentaux pour d\u00e9stabiliser le Niger"},"content":{"rendered":"<p class=\"p1\"><span class=\"s2\">Niamey, 31 mai 2025 \u2013 Lors d\u2019une interview fleuve diffus\u00e9e \u00e0 la t\u00e9l\u00e9vision nationale nig\u00e9rienne, le g\u00e9n\u00e9ral Abdourahamane Tiani, pr\u00e9sident du Conseil national pour la sauvegarde de la patrie (CNSP), Chef de l\u2019Etat, a formul\u00e9 de graves accusations \u00e0 l\u2019encontre de la France. Selon ses propos, l\u2019ancienne puissance coloniale aurait planifi\u00e9 des enl\u00e8vements de ressortissants occidentaux sur le territoire nig\u00e9rien afin de semer l\u2019instabilit\u00e9 et freiner les nouveaux partenariats strat\u00e9giques du Niger.<\/span><\/p>\n<p class=\"p1\"><span class=\"s2\">Le g\u00e9n\u00e9ral Tiani a d\u00e9sign\u00e9 un certain Boubacar Daboumdial que la France utilise comme l\u2019acteur principal de ce qu\u2019il qualifie de \u201csale besogne\u201d, en lien avec trois hommes surnomm\u00e9s Momo, Ibrahim et Oumar, qui seraient impliqu\u00e9s dans plusieurs enl\u00e8vements de ressortissants \u00e9trangers dans la r\u00e9gion. Il affirme notamment que ce groupe aurait enlev\u00e9 un Espagnol en Alg\u00e9rie, une Autrichienne et une Suissesse \u00e0 Agadez, dans une campagne coordonn\u00e9e visant \u00e0 d\u00e9cr\u00e9dibiliser le Niger et dissuader les investisseurs \u00e9trangers.<\/span><\/p>\n<p class=\"p1\"><span class=\"s2\">Ces enl\u00e8vements, selon Tiani, auraient pour double objectif de \u201ccontraindre l\u2019Union Europ\u00e9enne \u00e0 rester avec eux pour revenir au Niger \u201d, apr\u00e8s son d\u00e9part du pays. Il accuse Paris de vouloir \u201cjouer les pyromanes et ensuite les sapeurs-pompiers\u201d, qualifiant la d\u00e9marche de strat\u00e9gie de d\u00e9stabilisation cynique et planifi\u00e9e.<\/span><\/p>\n<p class=\"p1\"><span class=\"s2\">\u00c0 ce jour, les autorit\u00e9s fran\u00e7aises n\u2019ont pas r\u00e9agi officiellement \u00e0 ces d\u00e9clarations. Le contexte reste tendu entre Niamey et Paris depuis la rupture des accords militaires et diplomatiques en 2023.<\/span><\/p>\n<p class=\"p1\"><span class=\"s2\">Contexte r\u00e9gional<\/span><\/p>\n<p class=\"p1\"><span class=\"s2\">Le Niger, d\u00e9sormais membre de l\u2019Alliance des \u00c9tats du Sahel (AES), cherche \u00e0 red\u00e9finir ses partenariats en se tournant vers de nouveaux alli\u00e9s strat\u00e9giques. Cette posture a suscit\u00e9 de fortes tensions avec certains pays occidentaux, en particulier la France, ancien partenaire militaire cl\u00e9 dans la lutte contre le terrorisme dans la r\u00e9gion.<\/span><\/p>\n<p>www.burkinaonline.net<\/p>\n","protected":false},"excerpt":{"rendered":"<p>Niamey, 31 mai 2025 \u2013 Lors d\u2019une interview fleuve diffus\u00e9e \u00e0 la t\u00e9l\u00e9vision nationale nig\u00e9rienne,&#8230;<\/p>\n","protected":false},"author":1,"featured_media":7554,"comment_status":"open","ping_status":"open","sticky":false,"template":"","format":"standard","meta":{"footnotes":""},"categories":[8,18,11,13],"tags":[],"class_list":["post-7553","post","type-post","status-publish","format-standard","has-post-thumbnail","hentry","category-post","category-international","category-politique","category-societe"],"_links":{"self":[{"href":"https:\/\/burkinaonline.net\/index.php?rest_route=\/wp\/v2\/posts\/7553","targetHints":{"allow":["GET"]}}],"collection":[{"href":"https:\/\/burkinaonline.net\/index.php?rest_route=\/wp\/v2\/posts"}],"about":[{"href":"https:\/\/burkinaonline.net\/index.php?rest_route=\/wp\/v2\/types\/post"}],"author":[{"embeddable":true,"href":"https:\/\/burkinaonline.net\/index.php?rest_route=\/wp\/v2\/users\/1"}],"replies":[{"embeddable":true,"href":"https:\/\/burkinaonline.net\/index.php?rest_route=%2Fwp%2Fv2%2Fcomments&post=7553"}],"version-history":[{"count":1,"href":"https:\/\/burkinaonline.net\/index.php?rest_route=\/wp\/v2\/posts\/7553\/revisions"}],"predecessor-version":[{"id":7555,"href":"https:\/\/burkinaonline.net\/index.php?rest_route=\/wp\/v2\/posts\/7553\/revisions\/7555"}],"wp:featuredmedia":[{"embeddable":true,"href":"https:\/\/burkinaonline.net\/index.php?rest_route=\/wp\/v2\/media\/7554"}],"wp:attachment":[{"href":"https:\/\/burkinaonline.net\/index.php?rest_route=%2Fwp%2Fv2%2Fmedia&parent=7553"}],"wp:term":[{"taxonomy":"category","embeddable":true,"href":"https:\/\/burkinaonline.net\/index.php?rest_route=%2Fwp%2Fv2%2Fcategories&post=7553"},{"taxonomy":"post_tag","embeddable":true,"href":"https:\/\/burkinaonline.net\/index.php?rest_route=%2Fwp%2Fv2%2Ftags&post=7553"}],"curies":[{"name":"wp","href":"https:\/\/api.w.org\/{rel}","templated":true}]}}