{"id":7569,"date":"2025-06-02T14:50:57","date_gmt":"2025-06-02T14:50:57","guid":{"rendered":"https:\/\/burkinaonline.net\/?p=7569"},"modified":"2025-06-02T14:51:33","modified_gmt":"2025-06-02T14:51:33","slug":"1976-2","status":"publish","type":"post","link":"https:\/\/burkinaonline.net\/?p=7569","title":{"rendered":"Tentative d\u2019infiltration terroriste d\u00e9jou\u00e9e \u00e0 Tombouctou : les FAMa r\u00e9agissent avec efficacit\u00e9"},"content":{"rendered":"<p class=\"p1\">Tombouctou, 2 juin 2025 \u2013 Une tentative d\u2019infiltration terroriste a \u00e9t\u00e9 efficacement d\u00e9jou\u00e9e ce lundi matin par les Forces Arm\u00e9es Maliennes (FAMa), aux abords du camp militaire de Tombouctou. L\u2019attaque, survenue aux environs de 10 heures, a \u00e9t\u00e9 rapidement contenue gr\u00e2ce \u00e0 la r\u00e9activit\u00e9 exemplaire des militaires en poste.<\/p>\n<p class=\"p1\"><span class=\"s1\">Selon un communiqu\u00e9 de l\u2019\u00c9tat-Major G\u00e9n\u00e9ral des Arm\u00e9es, les assaillants ont \u00e9t\u00e9 mis en d\u00e9route d\u00e8s les premi\u00e8res minutes de l\u2019op\u00e9ration. Le bilan provisoire fait \u00e9tat de 13 terroristes neutralis\u00e9s, ainsi que de la r\u00e9cup\u00e9ration d\u2019armements, de v\u00e9hicules et de divers effets appartenant aux assaillants.<\/span><\/p>\n<p class=\"p1\"><span class=\"s1\">Ratissage en cours dans la ville<\/span><\/p>\n<p class=\"p1\"><span class=\"s1\">Les autorit\u00e9s militaires indiquent que la situation est actuellement sous contr\u00f4le, et qu\u2019une op\u00e9ration de ratissage est en cours dans l\u2019ensemble de la ville de Tombouctou pour \u00e9carter toute menace r\u00e9siduelle.<\/span><\/p>\n<p class=\"p1\"><span class=\"s1\">Un message de vigilance et de solidarit\u00e9<\/span><\/p>\n<p class=\"p1\"><span class=\"s1\">L\u2019\u00c9tat-Major G\u00e9n\u00e9ral salue la vigilance et la promptitude de ses hommes, et assure la population que toutes les dispositions sont prises pour garantir la s\u00e9curit\u00e9 dans la r\u00e9gion. Il promet \u00e9galement de revenir avec plus d\u2019informations dans les prochaines heures.<\/span><\/p>\n<p class=\"p1\"><span class=\"s1\">Cette nouvelle offensive manqu\u00e9e illustre une fois de plus la r\u00e9silience des FAMa face aux menaces terroristes, et la n\u00e9cessit\u00e9 d\u2019un soutien constant de la population dans cette lutte pour la paix et la souverainet\u00e9 du Mali.<\/span><\/p>\n<p>www.burkinaonline.net<\/p>\n","protected":false},"excerpt":{"rendered":"<p>Tombouctou, 2 juin 2025 \u2013 Une tentative d\u2019infiltration terroriste a \u00e9t\u00e9 efficacement d\u00e9jou\u00e9e ce lundi&#8230;<\/p>\n","protected":false},"author":1,"featured_media":7570,"comment_status":"open","ping_status":"open","sticky":false,"template":"","format":"standard","meta":{"footnotes":""},"categories":[8,18,12],"tags":[],"class_list":["post-7569","post","type-post","status-publish","format-standard","has-post-thumbnail","hentry","category-post","category-international","category-terrorisme"],"_links":{"self":[{"href":"https:\/\/burkinaonline.net\/index.php?rest_route=\/wp\/v2\/posts\/7569","targetHints":{"allow":["GET"]}}],"collection":[{"href":"https:\/\/burkinaonline.net\/index.php?rest_route=\/wp\/v2\/posts"}],"about":[{"href":"https:\/\/burkinaonline.net\/index.php?rest_route=\/wp\/v2\/types\/post"}],"author":[{"embeddable":true,"href":"https:\/\/burkinaonline.net\/index.php?rest_route=\/wp\/v2\/users\/1"}],"replies":[{"embeddable":true,"href":"https:\/\/burkinaonline.net\/index.php?rest_route=%2Fwp%2Fv2%2Fcomments&post=7569"}],"version-history":[{"count":1,"href":"https:\/\/burkinaonline.net\/index.php?rest_route=\/wp\/v2\/posts\/7569\/revisions"}],"predecessor-version":[{"id":7571,"href":"https:\/\/burkinaonline.net\/index.php?rest_route=\/wp\/v2\/posts\/7569\/revisions\/7571"}],"wp:featuredmedia":[{"embeddable":true,"href":"https:\/\/burkinaonline.net\/index.php?rest_route=\/wp\/v2\/media\/7570"}],"wp:attachment":[{"href":"https:\/\/burkinaonline.net\/index.php?rest_route=%2Fwp%2Fv2%2Fmedia&parent=7569"}],"wp:term":[{"taxonomy":"category","embeddable":true,"href":"https:\/\/burkinaonline.net\/index.php?rest_route=%2Fwp%2Fv2%2Fcategories&post=7569"},{"taxonomy":"post_tag","embeddable":true,"href":"https:\/\/burkinaonline.net\/index.php?rest_route=%2Fwp%2Fv2%2Ftags&post=7569"}],"curies":[{"name":"wp","href":"https:\/\/api.w.org\/{rel}","templated":true}]}}