{"id":7589,"date":"2025-06-03T20:11:28","date_gmt":"2025-06-03T20:11:28","guid":{"rendered":"https:\/\/burkinaonline.net\/?p=7589"},"modified":"2025-06-03T20:13:51","modified_gmt":"2025-06-03T20:13:51","slug":"1978-2","status":"publish","type":"post","link":"https:\/\/burkinaonline.net\/?p=7589","title":{"rendered":"C\u00f4te d\u2019Ivoire : D\u00e9c\u00e8s de Zoumana Bakayoko, entrepreneur influent et fr\u00e8re a\u00een\u00e9 de feu Hamed Bakayoko"},"content":{"rendered":"<p class=\"p1\"><span class=\"s2\">\u00a0<\/span><span class=\"s2\">La C\u00f4te d\u2019Ivoire est en deuil. Zoumana Bakayoko, fr\u00e8re a\u00een\u00e9 de l\u2019ex-Premier ministre Hamed Bakayoko, est d\u00e9c\u00e9d\u00e9 ce samedi 1er juin 2025 \u00e0 Abidjan, \u00e0 l\u2019\u00e2ge de 62 ans, des suites d\u2019une longue maladie.<\/span><\/p>\n<p class=\"p1\"><span class=\"s2\">Homme d\u2019affaires avis\u00e9 et figure politique de la r\u00e9gion de S\u00e9gu\u00e9la, Zoumana Bakayoko laisse derri\u00e8re lui un parcours riche, m\u00ealant engagement politique et dynamisme entrepreneurial. D\u00e9put\u00e9 RHDP de S\u00e9gu\u00e9la depuis 2021, il avait repris le flambeau laiss\u00e9 par son fr\u00e8re Hamed apr\u00e8s le d\u00e9c\u00e8s de ce dernier en mars 2021.<\/span><\/p>\n<p class=\"p1\"><span class=\"s2\">Un \u00ab serial entrepreneur \u00bb respect\u00e9<\/span><\/p>\n<p class=\"p1\"><span class=\"s2\">Zoumana Bakayoko \u00e9tait \u00e0 la t\u00eate de plusieurs entreprises, notamment dans les secteurs des t\u00e9l\u00e9communications, de l\u2019agro-industrie et du transport lagunaire. Il dirigeait la soci\u00e9t\u00e9 Citrans, sp\u00e9cialis\u00e9e dans le transport fluvial, et avait su imposer son empreinte dans le paysage \u00e9conomique ivoirien.<\/span><\/p>\n<p class=\"p1\"><span class=\"s2\">Homme discret mais efficace, il incarnait l\u2019\u00e9quilibre entre affaires et service public. Son implication dans le d\u00e9veloppement local, notamment \u00e0 S\u00e9gu\u00e9la, \u00e9tait salu\u00e9e m\u00eame au-del\u00e0 de son parti politique.<\/span><\/p>\n<p class=\"p1\"><span class=\"s2\">Une famille \u00e0 nouveau endeuill\u00e9e<\/span><\/p>\n<p class=\"p1\"><span class=\"s2\">La famille Bakayoko, originaire du Worodougou, est frapp\u00e9e une nouvelle fois. Apr\u00e8s la mort de Hamed en 2021, puis celle de leur s\u0153ur Fatima en 2022, le d\u00e9c\u00e8s de Zoumana Bakayoko marque une nouvelle perte douloureuse.<\/span><\/p>\n<p class=\"p1\"><span class=\"s2\">Les hommages affluent de la classe politique, du monde des affaires et des citoyens. Tous saluent la m\u00e9moire d\u2019un homme de devoir, d\u2019engagement et de vision.<\/span><\/p>\n<p class=\"p3\"><span class=\"s2\">\u201cIl incarnait une certaine id\u00e9e du leadership : discret mais constant, enracin\u00e9 mais ouvert\u201d, peut-on lire dans un message publi\u00e9 sur les r\u00e9seaux sociaux.<\/span><\/p>\n<p class=\"p1\"><span class=\"s2\">Un vide \u00e0 combler<\/span><\/p>\n<p class=\"p1\"><span class=\"s2\">Zoumana Bakayoko laisse un vide au sein du RHDP, dans la r\u00e9gion de S\u00e9gu\u00e9la et aupr\u00e8s de nombreux partenaires \u00e9conomiques. Sa disparition rappelle combien la rel\u00e8ve politique et entrepreneuriale est un enjeu majeur pour l\u2019avenir du pays.<\/span><\/p>\n<p>www.burkinaonline.net<\/p>\n","protected":false},"excerpt":{"rendered":"<p>\u00a0La C\u00f4te d\u2019Ivoire est en deuil. Zoumana Bakayoko, fr\u00e8re a\u00een\u00e9 de l\u2019ex-Premier ministre Hamed Bakayoko,&#8230;<\/p>\n","protected":false},"author":1,"featured_media":7590,"comment_status":"open","ping_status":"open","sticky":false,"template":"","format":"standard","meta":{"footnotes":""},"categories":[8,18,13],"tags":[],"class_list":["post-7589","post","type-post","status-publish","format-standard","has-post-thumbnail","hentry","category-post","category-international","category-societe"],"_links":{"self":[{"href":"https:\/\/burkinaonline.net\/index.php?rest_route=\/wp\/v2\/posts\/7589","targetHints":{"allow":["GET"]}}],"collection":[{"href":"https:\/\/burkinaonline.net\/index.php?rest_route=\/wp\/v2\/posts"}],"about":[{"href":"https:\/\/burkinaonline.net\/index.php?rest_route=\/wp\/v2\/types\/post"}],"author":[{"embeddable":true,"href":"https:\/\/burkinaonline.net\/index.php?rest_route=\/wp\/v2\/users\/1"}],"replies":[{"embeddable":true,"href":"https:\/\/burkinaonline.net\/index.php?rest_route=%2Fwp%2Fv2%2Fcomments&post=7589"}],"version-history":[{"count":2,"href":"https:\/\/burkinaonline.net\/index.php?rest_route=\/wp\/v2\/posts\/7589\/revisions"}],"predecessor-version":[{"id":7592,"href":"https:\/\/burkinaonline.net\/index.php?rest_route=\/wp\/v2\/posts\/7589\/revisions\/7592"}],"wp:featuredmedia":[{"embeddable":true,"href":"https:\/\/burkinaonline.net\/index.php?rest_route=\/wp\/v2\/media\/7590"}],"wp:attachment":[{"href":"https:\/\/burkinaonline.net\/index.php?rest_route=%2Fwp%2Fv2%2Fmedia&parent=7589"}],"wp:term":[{"taxonomy":"category","embeddable":true,"href":"https:\/\/burkinaonline.net\/index.php?rest_route=%2Fwp%2Fv2%2Fcategories&post=7589"},{"taxonomy":"post_tag","embeddable":true,"href":"https:\/\/burkinaonline.net\/index.php?rest_route=%2Fwp%2Fv2%2Ftags&post=7589"}],"curies":[{"name":"wp","href":"https:\/\/api.w.org\/{rel}","templated":true}]}}