{"id":7594,"date":"2025-06-04T07:52:36","date_gmt":"2025-06-04T07:52:36","guid":{"rendered":"https:\/\/burkinaonline.net\/?p=7594"},"modified":"2025-06-04T07:53:38","modified_gmt":"2025-06-04T07:53:38","slug":"1979-2","status":"publish","type":"post","link":"https:\/\/burkinaonline.net\/?p=7594","title":{"rendered":"Mali : Les Forces arm\u00e9es maliennes frappent des positions terr0ristes \u00e0 Mopti et Douentza"},"content":{"rendered":"<p>Mardi 3 juin 2025, les Forces arm\u00e9es maliennes (FAMa) ont men\u00e9 une s\u00e9rie de frappes a\u00e9riennes cibl\u00e9es contre des positions des Groupes Arm\u00e9s Terr0ristes (GAT) dans les r\u00e9gions de Mopti et Douentza. L\u2019op\u00e9ration, bas\u00e9e sur des renseignements pr\u00e9cis, visait \u00e0 d\u00e9sorganiser les r\u00e9seaux de planification des terroristes actifs dans le centre du pays.<\/p>\n<p>\ud83c\udfaf Des frappes chirurgicales \u00e0 Diafarab\u00e9 et Niagassadiou<\/p>\n<p>Selon un communiqu\u00e9 de l\u2019\u00c9tat-Major G\u00e9n\u00e9ral des Arm\u00e9es, les premi\u00e8res frappes ont \u00e9t\u00e9 dirig\u00e9es contre un refuge terroriste \u00e0 Diafarab\u00e9, dans la r\u00e9gion de Mopti. Elles ont \u00e9t\u00e9 suivies d\u2019une deuxi\u00e8me offensive contre un regroupement de combattants \u00e0 Niagassadiou, dans la r\u00e9gion voisine de Douentza.<\/p>\n<p>Ces op\u00e9rations ont permis de d\u00e9sorganiser les structures ennemies et d\u2019infliger de lourdes pertes humaines et mat\u00e9rielles aux groupes vis\u00e9s.<\/p>\n<p>\ud83d\udee1\ufe0f Une strat\u00e9gie offensive assum\u00e9e<\/p>\n<p>Les FAMa r\u00e9affirment leur d\u00e9termination \u00e0 pourchasser et neutraliser les groupes terroristes dans toutes les zones du territoire national. Le communiqu\u00e9 souligne que la traque se poursuivra \u201cjusque dans leurs derniers retranchements\u201d, renfor\u00e7ant ainsi le message d\u2019une arm\u00e9e en posture offensive.<\/p>\n<p>\ud83d\udd0d Contexte s\u00e9curitaire tendu<\/p>\n<p>Ces frappes s\u2019inscrivent dans une dynamique de reprise en main s\u00e9curitaire par les autorit\u00e9s de transition maliennes, qui misent sur les capacit\u00e9s nationales pour combattre l\u2019ins\u00e9curit\u00e9, notamment depuis le retrait des forces internationales.<br \/>\nwww.burkinaonline.net<br \/>\n#BurkinaOnline<\/p>\n<p>#Mali #FAMa #S\u00e9curit\u00e9 #Mopti #Douentza #Terrorisme #ForcesArm\u00e9esMali<\/p>\n","protected":false},"excerpt":{"rendered":"<p>Mardi 3 juin 2025, les Forces arm\u00e9es maliennes (FAMa) ont men\u00e9 une s\u00e9rie de frappes&#8230;<\/p>\n","protected":false},"author":1,"featured_media":0,"comment_status":"open","ping_status":"open","sticky":false,"template":"","format":"standard","meta":{"footnotes":""},"categories":[8,18,12],"tags":[],"class_list":["post-7594","post","type-post","status-publish","format-standard","hentry","category-post","category-international","category-terrorisme"],"_links":{"self":[{"href":"https:\/\/burkinaonline.net\/index.php?rest_route=\/wp\/v2\/posts\/7594","targetHints":{"allow":["GET"]}}],"collection":[{"href":"https:\/\/burkinaonline.net\/index.php?rest_route=\/wp\/v2\/posts"}],"about":[{"href":"https:\/\/burkinaonline.net\/index.php?rest_route=\/wp\/v2\/types\/post"}],"author":[{"embeddable":true,"href":"https:\/\/burkinaonline.net\/index.php?rest_route=\/wp\/v2\/users\/1"}],"replies":[{"embeddable":true,"href":"https:\/\/burkinaonline.net\/index.php?rest_route=%2Fwp%2Fv2%2Fcomments&post=7594"}],"version-history":[{"count":1,"href":"https:\/\/burkinaonline.net\/index.php?rest_route=\/wp\/v2\/posts\/7594\/revisions"}],"predecessor-version":[{"id":7596,"href":"https:\/\/burkinaonline.net\/index.php?rest_route=\/wp\/v2\/posts\/7594\/revisions\/7596"}],"wp:attachment":[{"href":"https:\/\/burkinaonline.net\/index.php?rest_route=%2Fwp%2Fv2%2Fmedia&parent=7594"}],"wp:term":[{"taxonomy":"category","embeddable":true,"href":"https:\/\/burkinaonline.net\/index.php?rest_route=%2Fwp%2Fv2%2Fcategories&post=7594"},{"taxonomy":"post_tag","embeddable":true,"href":"https:\/\/burkinaonline.net\/index.php?rest_route=%2Fwp%2Fv2%2Ftags&post=7594"}],"curies":[{"name":"wp","href":"https:\/\/api.w.org\/{rel}","templated":true}]}}