{"id":7597,"date":"2025-06-05T09:38:50","date_gmt":"2025-06-05T09:38:50","guid":{"rendered":"https:\/\/burkinaonline.net\/?p=7597"},"modified":"2025-06-05T09:39:14","modified_gmt":"2025-06-05T09:39:14","slug":"1980-2","status":"publish","type":"post","link":"https:\/\/burkinaonline.net\/?p=7597","title":{"rendered":"Mali : Attaque en cours contre le poste de s\u00e9curit\u00e9 de Mahou, r\u00e9gion de Sikasso"},"content":{"rendered":"<p class=\"p1\"><span class=\"s1\">Ce jeudi 5 juin 2025, l\u2019\u00c9tat-Major G\u00e9n\u00e9ral des Arm\u00e9es du Mali a annonc\u00e9 une attaque en cours contre le poste de s\u00e9curit\u00e9 de Mahou, situ\u00e9 dans la r\u00e9gion de Sikasso. Les combats sont toujours en cours \u00e0 l\u2019heure de la publication.<\/span><\/p>\n<p class=\"p1\"><span class=\"s1\">Selon le communiqu\u00e9 officiel, des dispositions urgentes ont \u00e9t\u00e9 prises pour envoyer des renforts terrestres et a\u00e9riens afin de soutenir les forces engag\u00e9es sur le terrain.<\/span><\/p>\n<p class=\"p1\"><span class=\"s1\">Les autorit\u00e9s militaires ont promis de communiquer davantage d\u2019informations dans les prochaines heures.<\/span><\/p>\n<p class=\"p1\"><span class=\"s1\">www.burkinaonline.net<\/span><\/p>\n","protected":false},"excerpt":{"rendered":"<p>Ce jeudi 5 juin 2025, l\u2019\u00c9tat-Major G\u00e9n\u00e9ral des Arm\u00e9es du Mali a annonc\u00e9 une attaque&#8230;<\/p>\n","protected":false},"author":1,"featured_media":7598,"comment_status":"open","ping_status":"open","sticky":false,"template":"","format":"standard","meta":{"footnotes":""},"categories":[8,18,12],"tags":[],"class_list":["post-7597","post","type-post","status-publish","format-standard","has-post-thumbnail","hentry","category-post","category-international","category-terrorisme"],"_links":{"self":[{"href":"https:\/\/burkinaonline.net\/index.php?rest_route=\/wp\/v2\/posts\/7597","targetHints":{"allow":["GET"]}}],"collection":[{"href":"https:\/\/burkinaonline.net\/index.php?rest_route=\/wp\/v2\/posts"}],"about":[{"href":"https:\/\/burkinaonline.net\/index.php?rest_route=\/wp\/v2\/types\/post"}],"author":[{"embeddable":true,"href":"https:\/\/burkinaonline.net\/index.php?rest_route=\/wp\/v2\/users\/1"}],"replies":[{"embeddable":true,"href":"https:\/\/burkinaonline.net\/index.php?rest_route=%2Fwp%2Fv2%2Fcomments&post=7597"}],"version-history":[{"count":1,"href":"https:\/\/burkinaonline.net\/index.php?rest_route=\/wp\/v2\/posts\/7597\/revisions"}],"predecessor-version":[{"id":7599,"href":"https:\/\/burkinaonline.net\/index.php?rest_route=\/wp\/v2\/posts\/7597\/revisions\/7599"}],"wp:featuredmedia":[{"embeddable":true,"href":"https:\/\/burkinaonline.net\/index.php?rest_route=\/wp\/v2\/media\/7598"}],"wp:attachment":[{"href":"https:\/\/burkinaonline.net\/index.php?rest_route=%2Fwp%2Fv2%2Fmedia&parent=7597"}],"wp:term":[{"taxonomy":"category","embeddable":true,"href":"https:\/\/burkinaonline.net\/index.php?rest_route=%2Fwp%2Fv2%2Fcategories&post=7597"},{"taxonomy":"post_tag","embeddable":true,"href":"https:\/\/burkinaonline.net\/index.php?rest_route=%2Fwp%2Fv2%2Ftags&post=7597"}],"curies":[{"name":"wp","href":"https:\/\/api.w.org\/{rel}","templated":true}]}}