{"id":7602,"date":"2025-06-05T16:45:13","date_gmt":"2025-06-05T16:45:13","guid":{"rendered":"https:\/\/burkinaonline.net\/?p=7602"},"modified":"2025-06-05T16:45:50","modified_gmt":"2025-06-05T16:45:50","slug":"1981-2","status":"publish","type":"post","link":"https:\/\/burkinaonline.net\/?p=7602","title":{"rendered":"Le Tchad suspend l\u2019octroi de visas aux citoyens am\u00e9ricains : une riposte diplomatique ferme"},"content":{"rendered":"<p>N\u2019Djamena, 5 juin 2025 \u2013 Dans un geste fort de souverainet\u00e9 et de r\u00e9ciprocit\u00e9, le Pr\u00e9sident de la R\u00e9publique du Tchad, le Mar\u00e9chal Mahamat Idriss Deby Itno, a ordonn\u00e9 ce jeudi la suspension de la d\u00e9livrance de visas aux citoyens des \u00c9tats-Unis d\u2019Am\u00e9rique.<\/p>\n<p>L\u2019annonce a \u00e9t\u00e9 faite \u00e0 travers un message officiel publi\u00e9 sur la page Facebook du chef de l\u2019\u00c9tat tchadien :<\/p>\n<p>\u00ab J\u2019ai instruit le gouvernement \u00e0 agir conform\u00e9ment aux principes de r\u00e9ciprocit\u00e9 et suspendre l\u2019octroi des visas aux citoyens des \u00c9tats-Unis d\u2019Am\u00e9rique \u00bb.<\/p>\n<p>Cette d\u00e9cision intervient au lendemain de l\u2019annonce d\u2019une mesure restrictive prise par l\u2019administration du pr\u00e9sident Donald Trump, interdisant l\u2019entr\u00e9e des ressortissants de 12 pays, dont le Tchad, sur le sol am\u00e9ricain. Officiellement, cette d\u00e9cision serait motiv\u00e9e par des raisons de s\u00e9curit\u00e9 nationale li\u00e9es \u00e0 la lutte contre le terrorisme.<\/p>\n<p>Pour le Mar\u00e9chal D\u00e9by, cette d\u00e9cision am\u00e9ricaine porte atteinte \u00e0 la dignit\u00e9 du peuple tchadien :<\/p>\n<p>\u00ab Le Tchad n\u2019a ni des avions \u00e0 offrir, ni des milliards de dollars \u00e0 donner mais il a sa dignit\u00e9 et sa fiert\u00e9 \u00bb.<\/p>\n<p>Ce geste de r\u00e9ciprocit\u00e9 s\u2019inscrit dans une logique de d\u00e9fense de la souverainet\u00e9 nationale et de l\u2019\u00e9galit\u00e9 dans les relations internationales. Il marque aussi une volont\u00e9 du Tchad de refuser toute stigmatisation ou traitement discriminatoire \u00e0 l\u2019\u00e9gard de ses citoyens.<\/p>\n<p>La mesure tchadienne pourrait avoir des r\u00e9percussions sur les relations diplomatiques et les \u00e9changes bilat\u00e9raux entre N\u2019Djamena et Washington dans les semaines \u00e0 venir.<\/p>\n<p>www.burkinaonline.net<\/p>\n","protected":false},"excerpt":{"rendered":"<p>N\u2019Djamena, 5 juin 2025 \u2013 Dans un geste fort de souverainet\u00e9 et de r\u00e9ciprocit\u00e9, le&#8230;<\/p>\n","protected":false},"author":1,"featured_media":7603,"comment_status":"open","ping_status":"open","sticky":false,"template":"","format":"standard","meta":{"footnotes":""},"categories":[8,18,11],"tags":[],"class_list":["post-7602","post","type-post","status-publish","format-standard","has-post-thumbnail","hentry","category-post","category-international","category-politique"],"_links":{"self":[{"href":"https:\/\/burkinaonline.net\/index.php?rest_route=\/wp\/v2\/posts\/7602","targetHints":{"allow":["GET"]}}],"collection":[{"href":"https:\/\/burkinaonline.net\/index.php?rest_route=\/wp\/v2\/posts"}],"about":[{"href":"https:\/\/burkinaonline.net\/index.php?rest_route=\/wp\/v2\/types\/post"}],"author":[{"embeddable":true,"href":"https:\/\/burkinaonline.net\/index.php?rest_route=\/wp\/v2\/users\/1"}],"replies":[{"embeddable":true,"href":"https:\/\/burkinaonline.net\/index.php?rest_route=%2Fwp%2Fv2%2Fcomments&post=7602"}],"version-history":[{"count":1,"href":"https:\/\/burkinaonline.net\/index.php?rest_route=\/wp\/v2\/posts\/7602\/revisions"}],"predecessor-version":[{"id":7604,"href":"https:\/\/burkinaonline.net\/index.php?rest_route=\/wp\/v2\/posts\/7602\/revisions\/7604"}],"wp:featuredmedia":[{"embeddable":true,"href":"https:\/\/burkinaonline.net\/index.php?rest_route=\/wp\/v2\/media\/7603"}],"wp:attachment":[{"href":"https:\/\/burkinaonline.net\/index.php?rest_route=%2Fwp%2Fv2%2Fmedia&parent=7602"}],"wp:term":[{"taxonomy":"category","embeddable":true,"href":"https:\/\/burkinaonline.net\/index.php?rest_route=%2Fwp%2Fv2%2Fcategories&post=7602"},{"taxonomy":"post_tag","embeddable":true,"href":"https:\/\/burkinaonline.net\/index.php?rest_route=%2Fwp%2Fv2%2Ftags&post=7602"}],"curies":[{"name":"wp","href":"https:\/\/api.w.org\/{rel}","templated":true}]}}