{"id":7607,"date":"2025-06-05T16:56:20","date_gmt":"2025-06-05T16:56:20","guid":{"rendered":"https:\/\/burkinaonline.net\/?p=7607"},"modified":"2025-06-05T16:58:34","modified_gmt":"2025-06-05T16:58:34","slug":"1981-3","status":"publish","type":"post","link":"https:\/\/burkinaonline.net\/?p=7607","title":{"rendered":"Mali: 41 terroristes neutralis\u00e9s par les FAMA, dont un chef nig\u00e9rien"},"content":{"rendered":"<p>Gao, 5 juin 2025 \u2013 Les Forces Arm\u00e9es Maliennes (FAMA) ont inflig\u00e9 une lourde d\u00e9faite aux Groupes Arm\u00e9s Terroristes (GAT) lors d\u2019une op\u00e9ration men\u00e9e \u00e0 Tessit, dans la r\u00e9gion de Gao, au lendemain d\u2019une attaque contre un poste de s\u00e9curit\u00e9.<\/p>\n<p>Selon un communiqu\u00e9 officiel de l\u2019\u00c9tat-Major G\u00e9n\u00e9ral des Arm\u00e9es, publi\u00e9 ce jeudi, 41 corps de terroristes ont \u00e9t\u00e9 retrouv\u00e9s sur le terrain, dont celui du chef terroriste nig\u00e9rien Mamoudou Akilou et de quatre de ses lieutenants. Plusieurs autres corps et bless\u00e9s auraient \u00e9t\u00e9 emport\u00e9s par les assaillants en fuite.<\/p>\n<p>L\u2019op\u00e9ration, qui a mobilis\u00e9 des unit\u00e9s au sol appuy\u00e9es par des frappes a\u00e9riennes cibl\u00e9es, est toujours en cours d\u2019exploitation selon l\u2019arm\u00e9e malienne.<\/p>\n<p>L\u2019\u00c9tat-major a f\u00e9licit\u00e9 les troupes d\u00e9ploy\u00e9es \u00e0 Tessit pour leur bravoure et leur engagement dans la d\u00e9fense du territoire. Il a \u00e9galement tenu \u00e0 rassurer la population quant \u00e0 la d\u00e9termination des forces arm\u00e9es \u00e0 r\u00e9tablir la paix et la s\u00e9curit\u00e9 sur l\u2019ensemble du territoire national.<\/p>\n<p>Ce succ\u00e8s militaire majeur s\u2019inscrit dans une s\u00e9rie d\u2019actions offensives visant \u00e0 r\u00e9duire les capacit\u00e9s de nuisance des groupes terroristes actifs dans le nord du Mali.<br \/>\nwww.burkinaonline.net<\/p>\n","protected":false},"excerpt":{"rendered":"<p>Gao, 5 juin 2025 \u2013 Les Forces Arm\u00e9es Maliennes (FAMA) ont inflig\u00e9 une lourde d\u00e9faite&#8230;<\/p>\n","protected":false},"author":1,"featured_media":7609,"comment_status":"open","ping_status":"open","sticky":false,"template":"","format":"standard","meta":{"footnotes":""},"categories":[8,30,12],"tags":[],"class_list":["post-7607","post","type-post","status-publish","format-standard","has-post-thumbnail","hentry","category-post","category-aes","category-terrorisme"],"_links":{"self":[{"href":"https:\/\/burkinaonline.net\/index.php?rest_route=\/wp\/v2\/posts\/7607","targetHints":{"allow":["GET"]}}],"collection":[{"href":"https:\/\/burkinaonline.net\/index.php?rest_route=\/wp\/v2\/posts"}],"about":[{"href":"https:\/\/burkinaonline.net\/index.php?rest_route=\/wp\/v2\/types\/post"}],"author":[{"embeddable":true,"href":"https:\/\/burkinaonline.net\/index.php?rest_route=\/wp\/v2\/users\/1"}],"replies":[{"embeddable":true,"href":"https:\/\/burkinaonline.net\/index.php?rest_route=%2Fwp%2Fv2%2Fcomments&post=7607"}],"version-history":[{"count":1,"href":"https:\/\/burkinaonline.net\/index.php?rest_route=\/wp\/v2\/posts\/7607\/revisions"}],"predecessor-version":[{"id":7608,"href":"https:\/\/burkinaonline.net\/index.php?rest_route=\/wp\/v2\/posts\/7607\/revisions\/7608"}],"wp:featuredmedia":[{"embeddable":true,"href":"https:\/\/burkinaonline.net\/index.php?rest_route=\/wp\/v2\/media\/7609"}],"wp:attachment":[{"href":"https:\/\/burkinaonline.net\/index.php?rest_route=%2Fwp%2Fv2%2Fmedia&parent=7607"}],"wp:term":[{"taxonomy":"category","embeddable":true,"href":"https:\/\/burkinaonline.net\/index.php?rest_route=%2Fwp%2Fv2%2Fcategories&post=7607"},{"taxonomy":"post_tag","embeddable":true,"href":"https:\/\/burkinaonline.net\/index.php?rest_route=%2Fwp%2Fv2%2Ftags&post=7607"}],"curies":[{"name":"wp","href":"https:\/\/api.w.org\/{rel}","templated":true}]}}