{"id":7615,"date":"2025-06-06T15:15:03","date_gmt":"2025-06-06T15:15:03","guid":{"rendered":"https:\/\/burkinaonline.net\/?p=7615"},"modified":"2025-06-06T15:20:45","modified_gmt":"2025-06-06T15:20:45","slug":"1981-4","status":"publish","type":"post","link":"https:\/\/burkinaonline.net\/?p=7615","title":{"rendered":"Tabaski 2025 : Le Pr\u00e9sident Ibrahim Traor\u00e9 appelle \u00e0 faire de la religion un facteur d\u2019unit\u00e9 nationale"},"content":{"rendered":"<p style=\"text-align: left;\">Ouagadougou, 06 juin 2025 \u2014 \u00c0 l\u2019issue de la pri\u00e8re de l\u2019A\u00efd al-Adha (Tabaski), le Pr\u00e9sident du Faso, le Capitaine Ibrahim Traor\u00e9, a livr\u00e9 un message fort \u00e0 la nation, appelant les Burkinab\u00e8 \u00e0 faire de la religion un levier de coh\u00e9sion sociale, de foi renouvel\u00e9e et de soutien aux Forces de d\u00e9fense et de s\u00e9curit\u00e9 (FDS).<\/p>\n<p>Dans un discours empreint de spiritualit\u00e9 et de patriotisme, le Chef de l\u2019\u00c9tat a soulign\u00e9 le r\u00f4le unificateur que la religion devrait jouer, particuli\u00e8rement en ces temps de d\u00e9fis s\u00e9curitaires.<\/p>\n<p>\u00ab La religion devrait \u00eatre quelque chose qui nous unit, qui renforce la foi, l\u2019amour du prochain, et l\u2019amour pour la patrie \u00bb, a-t-il affirm\u00e9.<\/p>\n<p>Le Pr\u00e9sident a tenu \u00e0 rappeler que les FDS et les Volontaires pour la d\u00e9fense de la patrie (VDP) puisent une grande part de leur force morale dans leur foi.<\/p>\n<p>\u00ab C\u2019est \u00e0 travers la religion qu\u2019ils puisent leur engagement, leur amour du pays et le courage d\u2019aller jusqu\u2019au sacrifice supr\u00eame \u00bb, a-t-il ajout\u00e9.<\/p>\n<p>Il a \u00e9galement expliqu\u00e9 le sens de sa participation \u00e0 la pri\u00e8re aux c\u00f4t\u00e9s des forces combattantes : un acte symbolique destin\u00e9 \u00e0 envoyer un message fort \u00e0 toute la nation.<\/p>\n<p>\u00ab Aller prier avec les hommes, c\u2019est un message port\u00e9 \u00e0 toute la nation, pour qu\u2019on puisse puiser leur exemple \u00bb, a-t-il insist\u00e9.<\/p>\n<p>Le Pr\u00e9sident Traor\u00e9 a exhort\u00e9 chaque citoyen \u00e0 s\u2019inspirer de cette abn\u00e9gation en utilisant la religion pour renforcer la solidarit\u00e9, plut\u00f4t que pour alimenter des divisions. Il a aussi adress\u00e9 des v\u0153ux de paix, de gu\u00e9rison pour les bless\u00e9s, et de repos \u00e9ternel pour les martyrs tomb\u00e9s au front.<\/p>\n<p>Enfin, le Chef de l\u2019\u00c9tat a souhait\u00e9 une bonne f\u00eate de Tabaski \u00e0 tous, esp\u00e9rant que l\u2019ann\u00e9e prochaine, ceux qui n\u2019ont pas pu c\u00e9l\u00e9brer cette ann\u00e9e puissent le faire dans la paix, la joie et la s\u00e9curit\u00e9.<\/p>\n<p>\u00ab Que Dieu b\u00e9nisse notre patrie et prot\u00e8ge tous ceux qui vivent dans des zones difficiles \u00bb, a-t-il conclu.<br \/>\nwww.burkinaonline.net<br \/>\n#BurkinaOnline<\/p>\n","protected":false},"excerpt":{"rendered":"<p>Ouagadougou, 06 juin 2025 \u2014 \u00c0 l\u2019issue de la pri\u00e8re de l\u2019A\u00efd al-Adha (Tabaski), le&#8230;<\/p>\n","protected":false},"author":1,"featured_media":7616,"comment_status":"open","ping_status":"open","sticky":false,"template":"","format":"standard","meta":{"footnotes":""},"categories":[8,10,13],"tags":[],"class_list":["post-7615","post","type-post","status-publish","format-standard","has-post-thumbnail","hentry","category-post","category-burkina-faso","category-societe"],"_links":{"self":[{"href":"https:\/\/burkinaonline.net\/index.php?rest_route=\/wp\/v2\/posts\/7615","targetHints":{"allow":["GET"]}}],"collection":[{"href":"https:\/\/burkinaonline.net\/index.php?rest_route=\/wp\/v2\/posts"}],"about":[{"href":"https:\/\/burkinaonline.net\/index.php?rest_route=\/wp\/v2\/types\/post"}],"author":[{"embeddable":true,"href":"https:\/\/burkinaonline.net\/index.php?rest_route=\/wp\/v2\/users\/1"}],"replies":[{"embeddable":true,"href":"https:\/\/burkinaonline.net\/index.php?rest_route=%2Fwp%2Fv2%2Fcomments&post=7615"}],"version-history":[{"count":3,"href":"https:\/\/burkinaonline.net\/index.php?rest_route=\/wp\/v2\/posts\/7615\/revisions"}],"predecessor-version":[{"id":7619,"href":"https:\/\/burkinaonline.net\/index.php?rest_route=\/wp\/v2\/posts\/7615\/revisions\/7619"}],"wp:featuredmedia":[{"embeddable":true,"href":"https:\/\/burkinaonline.net\/index.php?rest_route=\/wp\/v2\/media\/7616"}],"wp:attachment":[{"href":"https:\/\/burkinaonline.net\/index.php?rest_route=%2Fwp%2Fv2%2Fmedia&parent=7615"}],"wp:term":[{"taxonomy":"category","embeddable":true,"href":"https:\/\/burkinaonline.net\/index.php?rest_route=%2Fwp%2Fv2%2Fcategories&post=7615"},{"taxonomy":"post_tag","embeddable":true,"href":"https:\/\/burkinaonline.net\/index.php?rest_route=%2Fwp%2Fv2%2Ftags&post=7615"}],"curies":[{"name":"wp","href":"https:\/\/api.w.org\/{rel}","templated":true}]}}