{"id":7620,"date":"2025-06-06T16:34:57","date_gmt":"2025-06-06T16:34:57","guid":{"rendered":"https:\/\/burkinaonline.net\/?p=7620"},"modified":"2025-06-06T17:03:46","modified_gmt":"2025-06-06T17:03:46","slug":"1982-3","status":"publish","type":"post","link":"https:\/\/burkinaonline.net\/?p=7620","title":{"rendered":"Mali : Le Groupe Wagner annonce son retrait du Mali apr\u00e8s avoir \u201caccompli sa mission principale\u201d"},"content":{"rendered":"<p>Bamako, 6 juin 2025 \u2014 Le groupe paramilitaire russe Wagner a officiellement annonc\u00e9 son retrait du Mali, affirmant avoir \u00ab accompli sa mission principale \u00bb dans le pays. L\u2019information \u00e9mane de leur canal Telegram officiel, confirmant ainsi les rumeurs persistantes depuis plusieurs semaines sur leur d\u00e9sengagement progressif.<\/p>\n<p>\u00ab PMC Wagner a termin\u00e9 sa mission principale au Mali\u2026 Nous rentrons \u00e0 la maison \u00bb, a indiqu\u00e9 le groupe dans un message relay\u00e9 ce jeudi 5 juin.<\/p>\n<p>Mission accomplie, selon Wagner<\/p>\n<p>D\u00e9ploy\u00e9 au Mali depuis fin 2021, le groupe Wagner \u00e9tait venu en appui au Mali \u00a0pour combattre les groupes arm\u00e9s terroristes s\u00e9vissant dans plusieurs r\u00e9gions du pays. La pr\u00e9sence \u00a0de Wagner \u00a0avait remplac\u00e9 progressivement celle des troupes fran\u00e7aises de l\u2019op\u00e9ration Barkhane, sur fond de tensions diplomatiques croissantes entre Bamako et Paris.<\/p>\n<p>Selon leur communication, Wagner aurait contribu\u00e9 \u00e0 la reprise de plusieurs zones strat\u00e9giques, notamment dans le centre du pays, et \u00e0 la s\u00e9curisation d\u2019infrastructures sensibles. Le groupe affirme ainsi avoir rempli ses objectifs initiaux, ce qui justifie son retrait.<\/p>\n<p>Une transition vers Africa Corps ?<\/p>\n<p>Plusieurs analystes estiment que ce d\u00e9part ne signifie pas la fin de l\u2019influence militaire russe au Mali. Le Africa Corps, une structure plus formelle du minist\u00e8re russe de la D\u00e9fense, serait en train de prendre le relais avec des troupes r\u00e9guli\u00e8res, selon des sources diplomatiques.<\/p>\n<p>Cette r\u00e9organisation s\u2019inscrit dans la volont\u00e9 du Kremlin de mieux contr\u00f4ler les op\u00e9rations autrefois men\u00e9es par Wagner, surtout depuis la mort de son fondateur, Evgueni Prigojine, en 2023.<\/p>\n<p>R\u00e9actions et enjeux<\/p>\n<p>Du c\u00f4t\u00e9 des autorit\u00e9s maliennes, aucune d\u00e9claration officielle n\u2019a encore \u00e9t\u00e9 faite sur ce d\u00e9part. Toutefois, le retrait de Wagner soul\u00e8ve plusieurs questions strat\u00e9giques : quel sera l\u2019impact sur la lutte contre les groupes terrorisrtes ? Et quelle sera la nature exacte du partenariat militaire entre Bamako et Moscou \u00e0 l\u2019avenir ?<\/p>\n<p>Le retrait annonc\u00e9 de Wagner du Mali marque une nouvelle \u00e9tape dans l\u2019\u00e9volution de la pr\u00e9sence russe en Afrique de l\u2019Ouest. S\u2019il s\u2019agit d\u2019une fin de mission pour Wagner, la coop\u00e9ration s\u00e9curitaire entre le Mali et la Russie semble, elle, appel\u00e9e \u00e0 se poursuivre sous d\u2019autres formes.<\/p>\n<p>www.burkinaonline.net<\/p>\n","protected":false},"excerpt":{"rendered":"<p>Bamako, 6 juin 2025 \u2014 Le groupe paramilitaire russe Wagner a officiellement annonc\u00e9 son retrait&#8230;<\/p>\n","protected":false},"author":1,"featured_media":7630,"comment_status":"open","ping_status":"open","sticky":false,"template":"","format":"standard","meta":{"footnotes":""},"categories":[8,30,18],"tags":[],"class_list":["post-7620","post","type-post","status-publish","format-standard","has-post-thumbnail","hentry","category-post","category-aes","category-international"],"_links":{"self":[{"href":"https:\/\/burkinaonline.net\/index.php?rest_route=\/wp\/v2\/posts\/7620","targetHints":{"allow":["GET"]}}],"collection":[{"href":"https:\/\/burkinaonline.net\/index.php?rest_route=\/wp\/v2\/posts"}],"about":[{"href":"https:\/\/burkinaonline.net\/index.php?rest_route=\/wp\/v2\/types\/post"}],"author":[{"embeddable":true,"href":"https:\/\/burkinaonline.net\/index.php?rest_route=\/wp\/v2\/users\/1"}],"replies":[{"embeddable":true,"href":"https:\/\/burkinaonline.net\/index.php?rest_route=%2Fwp%2Fv2%2Fcomments&post=7620"}],"version-history":[{"count":9,"href":"https:\/\/burkinaonline.net\/index.php?rest_route=\/wp\/v2\/posts\/7620\/revisions"}],"predecessor-version":[{"id":7631,"href":"https:\/\/burkinaonline.net\/index.php?rest_route=\/wp\/v2\/posts\/7620\/revisions\/7631"}],"wp:featuredmedia":[{"embeddable":true,"href":"https:\/\/burkinaonline.net\/index.php?rest_route=\/wp\/v2\/media\/7630"}],"wp:attachment":[{"href":"https:\/\/burkinaonline.net\/index.php?rest_route=%2Fwp%2Fv2%2Fmedia&parent=7620"}],"wp:term":[{"taxonomy":"category","embeddable":true,"href":"https:\/\/burkinaonline.net\/index.php?rest_route=%2Fwp%2Fv2%2Fcategories&post=7620"},{"taxonomy":"post_tag","embeddable":true,"href":"https:\/\/burkinaonline.net\/index.php?rest_route=%2Fwp%2Fv2%2Ftags&post=7620"}],"curies":[{"name":"wp","href":"https:\/\/api.w.org\/{rel}","templated":true}]}}