{"id":7637,"date":"2025-06-07T10:12:24","date_gmt":"2025-06-07T10:12:24","guid":{"rendered":"https:\/\/burkinaonline.net\/?p=7637"},"modified":"2025-06-07T10:13:17","modified_gmt":"2025-06-07T10:13:17","slug":"1983-2","status":"publish","type":"post","link":"https:\/\/burkinaonline.net\/?p=7637","title":{"rendered":"B\u00e9nin : Le Colonel Andr\u00e9 Dokoui Fofo prend la t\u00eate de l\u2019Op\u00e9ration Mirador"},"content":{"rendered":"<p>Le Colonel Andr\u00e9 Dokoui Fofo a \u00e9t\u00e9 nomm\u00e9 commandant de l\u2019Op\u00e9ration Mirador, le principal dispositif antiterroriste du B\u00e9nin dans le nord du pays. Cette nomination intervient dans un contexte de recrudescence des attaques jihadistes, notamment celles du 17 avril 2025, o\u00f9 54 soldats b\u00e9ninois ont \u00e9t\u00e9 tu\u00e9s lors d\u2019une triple attaque coordonn\u00e9e dans le parc du W, revendiqu\u00e9e par le Groupe de soutien \u00e0 l\u2019islam et aux musulmans (JNIM) .<\/p>\n<p>L\u2019Op\u00e9ration Mirador, lanc\u00e9e en janvier 2022, mobilise actuellement environ 7 000 soldats pour s\u00e9curiser les zones frontali\u00e8res avec le Burkina Faso et le Niger. Malgr\u00e9 ces efforts, les forces arm\u00e9es b\u00e9ninoises font face \u00e0 des d\u00e9fis importants, notamment le manque de coop\u00e9ration r\u00e9gionale et les incursions transfrontali\u00e8res de groupes arm\u00e9s .<\/p>\n<p>Le Colonel Fofo, ancien num\u00e9ro deux de la Garde nationale et ex-directeur du Prytan\u00e9e militaire de Bemb\u00e9r\u00e9k\u00e9, a \u00e9t\u00e9 form\u00e9 \u00e0 Madagascar. Sa nomination vise \u00e0 renforcer la strat\u00e9gie militaire b\u00e9ninoise dans une r\u00e9gion marqu\u00e9e par l\u2019instabilit\u00e9 s\u00e9curitaire croissante.<\/p>\n<p>www.burkknaonline.net<\/p>\n","protected":false},"excerpt":{"rendered":"<p>Le Colonel Andr\u00e9 Dokoui Fofo a \u00e9t\u00e9 nomm\u00e9 commandant de l\u2019Op\u00e9ration Mirador, le principal dispositif&#8230;<\/p>\n","protected":false},"author":1,"featured_media":7638,"comment_status":"open","ping_status":"open","sticky":false,"template":"","format":"standard","meta":{"footnotes":""},"categories":[8,18,12],"tags":[],"class_list":["post-7637","post","type-post","status-publish","format-standard","has-post-thumbnail","hentry","category-post","category-international","category-terrorisme"],"_links":{"self":[{"href":"https:\/\/burkinaonline.net\/index.php?rest_route=\/wp\/v2\/posts\/7637","targetHints":{"allow":["GET"]}}],"collection":[{"href":"https:\/\/burkinaonline.net\/index.php?rest_route=\/wp\/v2\/posts"}],"about":[{"href":"https:\/\/burkinaonline.net\/index.php?rest_route=\/wp\/v2\/types\/post"}],"author":[{"embeddable":true,"href":"https:\/\/burkinaonline.net\/index.php?rest_route=\/wp\/v2\/users\/1"}],"replies":[{"embeddable":true,"href":"https:\/\/burkinaonline.net\/index.php?rest_route=%2Fwp%2Fv2%2Fcomments&post=7637"}],"version-history":[{"count":2,"href":"https:\/\/burkinaonline.net\/index.php?rest_route=\/wp\/v2\/posts\/7637\/revisions"}],"predecessor-version":[{"id":7640,"href":"https:\/\/burkinaonline.net\/index.php?rest_route=\/wp\/v2\/posts\/7637\/revisions\/7640"}],"wp:featuredmedia":[{"embeddable":true,"href":"https:\/\/burkinaonline.net\/index.php?rest_route=\/wp\/v2\/media\/7638"}],"wp:attachment":[{"href":"https:\/\/burkinaonline.net\/index.php?rest_route=%2Fwp%2Fv2%2Fmedia&parent=7637"}],"wp:term":[{"taxonomy":"category","embeddable":true,"href":"https:\/\/burkinaonline.net\/index.php?rest_route=%2Fwp%2Fv2%2Fcategories&post=7637"},{"taxonomy":"post_tag","embeddable":true,"href":"https:\/\/burkinaonline.net\/index.php?rest_route=%2Fwp%2Fv2%2Ftags&post=7637"}],"curies":[{"name":"wp","href":"https:\/\/api.w.org\/{rel}","templated":true}]}}