{"id":7648,"date":"2025-06-07T17:10:43","date_gmt":"2025-06-07T17:10:43","guid":{"rendered":"https:\/\/burkinaonline.net\/?p=7648"},"modified":"2025-06-07T17:11:04","modified_gmt":"2025-06-07T17:11:04","slug":"1995-2","status":"publish","type":"post","link":"https:\/\/burkinaonline.net\/?p=7648","title":{"rendered":"Bobo-Dioulasso : Une fillette meurt apr\u00e8s avoir \u00e9t\u00e9 \u00e9cras\u00e9e par un camion"},"content":{"rendered":"<p class=\"p1\"><span class=\"s1\">Un tragique accident s\u2019est produit le 1er juin 2025 au secteur n\u00b014 de Bobo-Dioulasso. Selon Lib\u00e9ration Burkina, une fillette d\u2019environ 13 ans a \u00e9t\u00e9 gri\u00e8vement bless\u00e9e apr\u00e8s qu\u2019un camion-remorque a perdu le contr\u00f4le et a fini sa course dans un atelier de couture.<\/span><\/p>\n<p class=\"p1\"><span class=\"s1\">Selon des t\u00e9moins, la jeune victime se trouvait sur les lieux au moment de l\u2019impact. Transport\u00e9e d\u2019urgence \u00e0 l\u2019h\u00f4pital, elle a succomb\u00e9 \u00e0 ses blessures le 5 juin. Elle a \u00e9t\u00e9 inhum\u00e9e ce samedi 7 juin 2025, selon nos sources.<\/span><\/p>\n<p class=\"p1\"><span class=\"s1\">Paix \u00e0 son \u00e2me, et condol\u00e9ances \u00e0 la famille \u00e9prouv\u00e9e.<\/span><\/p>\n<p>www.burkinaonline.net<\/p>\n","protected":false},"excerpt":{"rendered":"<p>Un tragique accident s\u2019est produit le 1er juin 2025 au secteur n\u00b014 de Bobo-Dioulasso. Selon&#8230;<\/p>\n","protected":false},"author":1,"featured_media":7649,"comment_status":"open","ping_status":"open","sticky":false,"template":"","format":"standard","meta":{"footnotes":""},"categories":[8,10,13],"tags":[],"class_list":["post-7648","post","type-post","status-publish","format-standard","has-post-thumbnail","hentry","category-post","category-burkina-faso","category-societe"],"_links":{"self":[{"href":"https:\/\/burkinaonline.net\/index.php?rest_route=\/wp\/v2\/posts\/7648","targetHints":{"allow":["GET"]}}],"collection":[{"href":"https:\/\/burkinaonline.net\/index.php?rest_route=\/wp\/v2\/posts"}],"about":[{"href":"https:\/\/burkinaonline.net\/index.php?rest_route=\/wp\/v2\/types\/post"}],"author":[{"embeddable":true,"href":"https:\/\/burkinaonline.net\/index.php?rest_route=\/wp\/v2\/users\/1"}],"replies":[{"embeddable":true,"href":"https:\/\/burkinaonline.net\/index.php?rest_route=%2Fwp%2Fv2%2Fcomments&post=7648"}],"version-history":[{"count":1,"href":"https:\/\/burkinaonline.net\/index.php?rest_route=\/wp\/v2\/posts\/7648\/revisions"}],"predecessor-version":[{"id":7650,"href":"https:\/\/burkinaonline.net\/index.php?rest_route=\/wp\/v2\/posts\/7648\/revisions\/7650"}],"wp:featuredmedia":[{"embeddable":true,"href":"https:\/\/burkinaonline.net\/index.php?rest_route=\/wp\/v2\/media\/7649"}],"wp:attachment":[{"href":"https:\/\/burkinaonline.net\/index.php?rest_route=%2Fwp%2Fv2%2Fmedia&parent=7648"}],"wp:term":[{"taxonomy":"category","embeddable":true,"href":"https:\/\/burkinaonline.net\/index.php?rest_route=%2Fwp%2Fv2%2Fcategories&post=7648"},{"taxonomy":"post_tag","embeddable":true,"href":"https:\/\/burkinaonline.net\/index.php?rest_route=%2Fwp%2Fv2%2Ftags&post=7648"}],"curies":[{"name":"wp","href":"https:\/\/api.w.org\/{rel}","templated":true}]}}