{"id":7651,"date":"2025-06-08T13:31:56","date_gmt":"2025-06-08T13:31:56","guid":{"rendered":"https:\/\/burkinaonline.net\/?p=7651"},"modified":"2025-06-08T13:31:56","modified_gmt":"2025-06-08T13:31:56","slug":"1995-3","status":"publish","type":"post","link":"https:\/\/burkinaonline.net\/?p=7651","title":{"rendered":"Mali : Un v\u00e9hicule pi\u00e9g\u00e9 d\u00e9truit par les FAMa dans la r\u00e9gion de Nara"},"content":{"rendered":"<p>Nara, 08 juin 2025 \u2013 Les Forces Arm\u00e9es Maliennes (FAMa) ont r\u00e9ussi, ce dimanche, une op\u00e9ration de neutralisation d\u2019un v\u00e9hicule bourr\u00e9 d\u2019explosifs \u00e0 11 km au sud-ouest de Bale, dans la r\u00e9gion de Nara. Le v\u00e9hicule, utilis\u00e9 \u00e0 des fins terroristes, a \u00e9t\u00e9 d\u00e9truit avec pr\u00e9cision, en m\u00eame temps que ses occupants.<\/p>\n<p>Selon l\u2019\u00c9tat-major, l\u2019intervention a \u00e9t\u00e9 rendue possible gr\u00e2ce \u00e0 des renseignements fiables signalant un projet d\u2019attentat impliquant un v\u00e9hicule civil d\u00e9tourn\u00e9 par des groupes arm\u00e9s terroristes. Une surveillance minutieuse a permis de confirmer la menace, avant de d\u00e9clencher l\u2019assaut.<\/p>\n<p>Cette r\u00e9ussite tactique illustre la vigilance des forces de d\u00e9fense et leur professionnalisme croissant dans la lutte contre le terrorisme. Le haut commandement militaire s\u2019est f\u00e9licit\u00e9 de cette action et a r\u00e9affirm\u00e9 sa d\u00e9termination \u00e0 ramener la paix et la s\u00e9curit\u00e9 aupr\u00e8s des populations.<\/p>\n<p>www.burkinaonline.net<\/p>\n","protected":false},"excerpt":{"rendered":"<p>Nara, 08 juin 2025 \u2013 Les Forces Arm\u00e9es Maliennes (FAMa) ont r\u00e9ussi, ce dimanche, une&#8230;<\/p>\n","protected":false},"author":1,"featured_media":7653,"comment_status":"open","ping_status":"open","sticky":false,"template":"","format":"standard","meta":{"footnotes":""},"categories":[8,30,13,12],"tags":[],"class_list":["post-7651","post","type-post","status-publish","format-standard","has-post-thumbnail","hentry","category-post","category-aes","category-societe","category-terrorisme"],"_links":{"self":[{"href":"https:\/\/burkinaonline.net\/index.php?rest_route=\/wp\/v2\/posts\/7651","targetHints":{"allow":["GET"]}}],"collection":[{"href":"https:\/\/burkinaonline.net\/index.php?rest_route=\/wp\/v2\/posts"}],"about":[{"href":"https:\/\/burkinaonline.net\/index.php?rest_route=\/wp\/v2\/types\/post"}],"author":[{"embeddable":true,"href":"https:\/\/burkinaonline.net\/index.php?rest_route=\/wp\/v2\/users\/1"}],"replies":[{"embeddable":true,"href":"https:\/\/burkinaonline.net\/index.php?rest_route=%2Fwp%2Fv2%2Fcomments&post=7651"}],"version-history":[{"count":1,"href":"https:\/\/burkinaonline.net\/index.php?rest_route=\/wp\/v2\/posts\/7651\/revisions"}],"predecessor-version":[{"id":7654,"href":"https:\/\/burkinaonline.net\/index.php?rest_route=\/wp\/v2\/posts\/7651\/revisions\/7654"}],"wp:featuredmedia":[{"embeddable":true,"href":"https:\/\/burkinaonline.net\/index.php?rest_route=\/wp\/v2\/media\/7653"}],"wp:attachment":[{"href":"https:\/\/burkinaonline.net\/index.php?rest_route=%2Fwp%2Fv2%2Fmedia&parent=7651"}],"wp:term":[{"taxonomy":"category","embeddable":true,"href":"https:\/\/burkinaonline.net\/index.php?rest_route=%2Fwp%2Fv2%2Fcategories&post=7651"},{"taxonomy":"post_tag","embeddable":true,"href":"https:\/\/burkinaonline.net\/index.php?rest_route=%2Fwp%2Fv2%2Ftags&post=7651"}],"curies":[{"name":"wp","href":"https:\/\/api.w.org\/{rel}","templated":true}]}}