{"id":7655,"date":"2025-06-08T17:26:23","date_gmt":"2025-06-08T17:26:23","guid":{"rendered":"https:\/\/burkinaonline.net\/?p=7655"},"modified":"2025-06-08T17:26:40","modified_gmt":"2025-06-08T17:26:40","slug":"1999-2","status":"publish","type":"post","link":"https:\/\/burkinaonline.net\/?p=7655","title":{"rendered":"Le g\u00e9n\u00e9ral Langley quitte l\u2019AFRICOM : une passation ordinaire\u2026 ou une r\u00e9ponse aux critiques sur le Burkina\u202f?"},"content":{"rendered":"<p class=\"p1\"><span class=\"s1\">Le g\u00e9n\u00e9ral Michael Langley, en poste \u00e0 la t\u00eate du Commandement des \u00c9tats-Unis pour l\u2019Afrique (AFRICOM) depuis ao\u00fbt 2022, s\u2019appr\u00eate \u00e0 laisser son commandement. Sa rotation \u00e9tait pr\u00e9vue : le secr\u00e9taire \u00e0 la D\u00e9fense Pete Hegseth a nomm\u00e9 le lieutenant\u2011g\u00e9n\u00e9ral Air\u202fForce Dagvin\u202fR.M.\u202fAnderson, dont la nomination au grade de g\u00e9n\u00e9ral sera soumise \u00e0 confirmation par le S\u00e9nat am\u00e9ricain<span class=\"Apple-converted-space\">\u00a0 <\/span>.<\/span><\/p>\n<p class=\"p1\"><span class=\"s2\">\ud83d\udd04<\/span><span class=\"s1\"> Routine militaire\u2026<\/span><\/p>\n<p class=\"p1\"><span class=\"s1\">AFRICOM a toujours \u00e9t\u00e9 command\u00e9 par des hauts grad\u00e9s de l\u2019arm\u00e9e de terre ou du Corps des Marines. Anderson deviendra le premier g\u00e9n\u00e9ral de l\u2019arm\u00e9e de l\u2019air \u00e0 prendre les r\u00eanes, confirmant un changement de tradition mais s\u2019inscrivant dans la logique habituelle des rotations .<\/span><\/p>\n<p class=\"p1\"><span class=\"s2\">\u26a0\ufe0f<\/span><span class=\"s1\"> \u2026Ou geste diplomatique\u202f?<\/span><\/p>\n<p class=\"p1\"><span class=\"s1\">Ce d\u00e9part suit une pol\u00e9mique n\u00e9e des propos tenus par Langley d\u00e9but avril devant le S\u00e9nat am\u00e9ricain. Il y d\u00e9non\u00e7ait l\u2019utilisation des revenus miniers du Burkina Faso, affirmant qu\u2019ils profiteraient aux dirigeants plut\u00f4t qu\u2019au peuple\u202f: accusations vivement rejet\u00e9es et qualifi\u00e9es d\u2019\u201coffensantes\u201d par Ouagadougou, provoquant d\u2019importantes manifestations anti\u2011am\u00e9ricaines \u00e0 Ouagadougou<span class=\"Apple-converted-space\">\u00a0 <\/span>.<\/span><\/p>\n<p class=\"p1\"><span class=\"s1\">De plus, Langley s\u2019\u00e9tait dit ouvert \u00e0 une possible fusion d\u2019AFRICOM avec l\u2019Union de commandements europ\u00e9ens, et invitait les \u00c9tats africains \u00e0 se manifester s\u2019ils jugeaient AFRICOM indispensable<span class=\"Apple-converted-space\">\u00a0 <\/span>. Son d\u00e9part co\u00efncide donc avec un contexte de m\u00e9fiance croissante envers la pr\u00e9sence militaire am\u00e9ricaine en Afrique francophone.<\/span><\/p>\n<p class=\"p1\"><span class=\"s2\">\ud83d\udee1\ufe0f<\/span><span class=\"s1\"> \u00c0 propos de Dagvin Anderson<\/span><\/p>\n<p class=\"p1\"><span class=\"s1\">Actuel directeur du d\u00e9veloppement des forces interarm\u00e9es aupr\u00e8s du Joint Staff, Anderson a dirig\u00e9 les op\u00e9rations sp\u00e9ciales en Afrique entre 2019 et 2021. Pilote exp\u00e9riment\u00e9 (KC\u2011135, MC\u2011130, U\u201128A), il apportera une expertise consolid\u00e9e du continent et des op\u00e9rations a\u00e9riennes tactiques <span class=\"Apple-converted-space\">\u00a0 <\/span>.<\/span><\/p>\n<p class=\"p1\"><span class=\"s1\">La Commission des forces arm\u00e9es du S\u00e9nat n\u2019a pas encore fix\u00e9 de date pour une audience, mais sa confirmation est attendue sous peu .<\/span><\/p>\n<p class=\"p1\"><span class=\"s1\">Le remplacement de Langley par Anderson s\u2019inscrit dans une tradition de renouvellement des \u00e9quipes militaires sup\u00e9rieures. N\u00e9anmoins, le timing de ce changement, peu apr\u00e8s une controverse explosive autour du Burkina Faso, pose question : s\u2019agit-il uniquement d\u2019une passation normale, ou d\u2019une tentative de calmer un climat diplomatique fragile\u202f? La nomination d\u2019Anderson \u2013 un leader \u201cmade in USA\u201d au profil a\u00e9rien et sp\u00e9cialiste de l\u2019Afrique \u2013 pourrait refl\u00e9ter une volont\u00e9 de renouer des liens plus subtils, tout en conservant une pr\u00e9sence strat\u00e9gique sur le continent.<\/span><\/p>\n<p>www.burkinaonline.net<\/p>\n","protected":false},"excerpt":{"rendered":"<p>Le g\u00e9n\u00e9ral Michael Langley, en poste \u00e0 la t\u00eate du Commandement des \u00c9tats-Unis pour l\u2019Afrique&#8230;<\/p>\n","protected":false},"author":1,"featured_media":7656,"comment_status":"open","ping_status":"open","sticky":false,"template":"","format":"standard","meta":{"footnotes":""},"categories":[8,10,18],"tags":[],"class_list":["post-7655","post","type-post","status-publish","format-standard","has-post-thumbnail","hentry","category-post","category-burkina-faso","category-international"],"_links":{"self":[{"href":"https:\/\/burkinaonline.net\/index.php?rest_route=\/wp\/v2\/posts\/7655","targetHints":{"allow":["GET"]}}],"collection":[{"href":"https:\/\/burkinaonline.net\/index.php?rest_route=\/wp\/v2\/posts"}],"about":[{"href":"https:\/\/burkinaonline.net\/index.php?rest_route=\/wp\/v2\/types\/post"}],"author":[{"embeddable":true,"href":"https:\/\/burkinaonline.net\/index.php?rest_route=\/wp\/v2\/users\/1"}],"replies":[{"embeddable":true,"href":"https:\/\/burkinaonline.net\/index.php?rest_route=%2Fwp%2Fv2%2Fcomments&post=7655"}],"version-history":[{"count":1,"href":"https:\/\/burkinaonline.net\/index.php?rest_route=\/wp\/v2\/posts\/7655\/revisions"}],"predecessor-version":[{"id":7657,"href":"https:\/\/burkinaonline.net\/index.php?rest_route=\/wp\/v2\/posts\/7655\/revisions\/7657"}],"wp:featuredmedia":[{"embeddable":true,"href":"https:\/\/burkinaonline.net\/index.php?rest_route=\/wp\/v2\/media\/7656"}],"wp:attachment":[{"href":"https:\/\/burkinaonline.net\/index.php?rest_route=%2Fwp%2Fv2%2Fmedia&parent=7655"}],"wp:term":[{"taxonomy":"category","embeddable":true,"href":"https:\/\/burkinaonline.net\/index.php?rest_route=%2Fwp%2Fv2%2Fcategories&post=7655"},{"taxonomy":"post_tag","embeddable":true,"href":"https:\/\/burkinaonline.net\/index.php?rest_route=%2Fwp%2Fv2%2Ftags&post=7655"}],"curies":[{"name":"wp","href":"https:\/\/api.w.org\/{rel}","templated":true}]}}