{"id":7668,"date":"2025-06-10T09:59:42","date_gmt":"2025-06-10T09:59:42","guid":{"rendered":"https:\/\/burkinaonline.net\/?p=7668"},"modified":"2025-06-10T10:00:16","modified_gmt":"2025-06-10T10:00:16","slug":"diplomatie-le-president-assimi-goita-salue-lengagement-de-lambassadeur-de-chine-en-fin-de-mission","status":"publish","type":"post","link":"https:\/\/burkinaonline.net\/?p=7668","title":{"rendered":"Diplomatie : Le Pr\u00e9sident Assimi GO\u00cfTA salue l\u2019engagement de l\u2019Ambassadeur de Chine en fin de mission"},"content":{"rendered":"<p>Koulouba, 09 juin 2025 \u2014 Le Pr\u00e9sident de la Transition, Son Excellence le G\u00e9n\u00e9ral d\u2019Arm\u00e9e Assimi GO\u00cfTA, a re\u00e7u ce lundi au Palais de Koulouba l\u2019Ambassadeur de la R\u00e9publique Populaire de Chine au Mali, Son Excellence Monsieur CHEN Zhihong, en fin de mission apr\u00e8s plus de trois ann\u00e9es de service.<\/p>\n<p>Cette audience a \u00e9t\u00e9 l\u2019occasion pour le diplomate chinois de faire ses adieux au Chef de l\u2019\u00c9tat et d\u2019exprimer sa satisfaction quant \u00e0 l\u2019\u00e9volution des relations bilat\u00e9rales. Il a salu\u00e9 les progr\u00e8s r\u00e9alis\u00e9s dans la coop\u00e9ration sino-malienne, en droite ligne avec les visions partag\u00e9es des pr\u00e9sidents Xi JINPING et Assimi GO\u00cfTA.<\/p>\n<p>Monsieur CHEN Zhihong a exprim\u00e9 sa reconnaissance pour le soutien constant du Chef de l\u2019\u00c9tat malien, qu\u2019il a qualifi\u00e9 de d\u00e9terminant dans l\u2019accomplissement de sa mission. Il a \u00e9galement affirm\u00e9 sa volont\u00e9 de continuer \u00e0 \u0153uvrer, m\u00eame apr\u00e8s sa retraite, pour le renforcement des liens entre le Mali et la Chine.<\/p>\n<p>Cette rencontre t\u00e9moigne de la solidit\u00e9 du partenariat sino-malien, fond\u00e9 sur le respect mutuel et une coop\u00e9ration fructueuse.<\/p>\n<p><a href=\"http:\/\/burkinaonline.net\/wp-content\/uploads\/2025\/06\/IMG_5865.jpeg\"><img fetchpriority=\"high\" decoding=\"async\" class=\"alignnone size-medium wp-image-7671\" src=\"http:\/\/burkinaonline.net\/wp-content\/uploads\/2025\/06\/IMG_5865-300x200.jpeg\" alt=\"\" width=\"300\" height=\"200\" srcset=\"https:\/\/burkinaonline.net\/wp-content\/uploads\/2025\/06\/IMG_5865-300x200.jpeg 300w, https:\/\/burkinaonline.net\/wp-content\/uploads\/2025\/06\/IMG_5865-1024x683.jpeg 1024w, https:\/\/burkinaonline.net\/wp-content\/uploads\/2025\/06\/IMG_5865-768x512.jpeg 768w, https:\/\/burkinaonline.net\/wp-content\/uploads\/2025\/06\/IMG_5865-1536x1025.jpeg 1536w, https:\/\/burkinaonline.net\/wp-content\/uploads\/2025\/06\/IMG_5865.jpeg 2048w\" sizes=\"(max-width: 300px) 100vw, 300px\" \/><\/a> <a href=\"http:\/\/burkinaonline.net\/wp-content\/uploads\/2025\/06\/IMG_5866.jpeg\"><img decoding=\"async\" class=\"alignnone size-medium wp-image-7672\" src=\"http:\/\/burkinaonline.net\/wp-content\/uploads\/2025\/06\/IMG_5866-300x200.jpeg\" alt=\"\" width=\"300\" height=\"200\" srcset=\"https:\/\/burkinaonline.net\/wp-content\/uploads\/2025\/06\/IMG_5866-300x200.jpeg 300w, https:\/\/burkinaonline.net\/wp-content\/uploads\/2025\/06\/IMG_5866-1024x683.jpeg 1024w, https:\/\/burkinaonline.net\/wp-content\/uploads\/2025\/06\/IMG_5866-768x512.jpeg 768w, https:\/\/burkinaonline.net\/wp-content\/uploads\/2025\/06\/IMG_5866-1536x1025.jpeg 1536w, https:\/\/burkinaonline.net\/wp-content\/uploads\/2025\/06\/IMG_5866.jpeg 2048w\" sizes=\"(max-width: 300px) 100vw, 300px\" \/><\/a><\/p>\n<p>BurkinaOnline.net<\/p>\n","protected":false},"excerpt":{"rendered":"<p>Koulouba, 09 juin 2025 \u2014 Le Pr\u00e9sident de la Transition, Son Excellence le G\u00e9n\u00e9ral d\u2019Arm\u00e9e&#8230;<\/p>\n","protected":false},"author":1,"featured_media":7669,"comment_status":"open","ping_status":"open","sticky":false,"template":"","format":"standard","meta":{"footnotes":""},"categories":[8,30,11],"tags":[],"class_list":["post-7668","post","type-post","status-publish","format-standard","has-post-thumbnail","hentry","category-post","category-aes","category-politique"],"_links":{"self":[{"href":"https:\/\/burkinaonline.net\/index.php?rest_route=\/wp\/v2\/posts\/7668","targetHints":{"allow":["GET"]}}],"collection":[{"href":"https:\/\/burkinaonline.net\/index.php?rest_route=\/wp\/v2\/posts"}],"about":[{"href":"https:\/\/burkinaonline.net\/index.php?rest_route=\/wp\/v2\/types\/post"}],"author":[{"embeddable":true,"href":"https:\/\/burkinaonline.net\/index.php?rest_route=\/wp\/v2\/users\/1"}],"replies":[{"embeddable":true,"href":"https:\/\/burkinaonline.net\/index.php?rest_route=%2Fwp%2Fv2%2Fcomments&post=7668"}],"version-history":[{"count":2,"href":"https:\/\/burkinaonline.net\/index.php?rest_route=\/wp\/v2\/posts\/7668\/revisions"}],"predecessor-version":[{"id":7673,"href":"https:\/\/burkinaonline.net\/index.php?rest_route=\/wp\/v2\/posts\/7668\/revisions\/7673"}],"wp:featuredmedia":[{"embeddable":true,"href":"https:\/\/burkinaonline.net\/index.php?rest_route=\/wp\/v2\/media\/7669"}],"wp:attachment":[{"href":"https:\/\/burkinaonline.net\/index.php?rest_route=%2Fwp%2Fv2%2Fmedia&parent=7668"}],"wp:term":[{"taxonomy":"category","embeddable":true,"href":"https:\/\/burkinaonline.net\/index.php?rest_route=%2Fwp%2Fv2%2Fcategories&post=7668"},{"taxonomy":"post_tag","embeddable":true,"href":"https:\/\/burkinaonline.net\/index.php?rest_route=%2Fwp%2Fv2%2Ftags&post=7668"}],"curies":[{"name":"wp","href":"https:\/\/api.w.org\/{rel}","templated":true}]}}